{"id":22283,"date":"2025-05-23T14:34:50","date_gmt":"2025-05-23T12:34:50","guid":{"rendered":"https:\/\/www.beaubourg-paris-hotel.com\/2025\/05\/23\/les-150-ans-du-palais-garnier\/"},"modified":"2025-05-23T14:34:50","modified_gmt":"2025-05-23T12:34:50","slug":"les-150-ans-du-palais-garnier","status":"publish","type":"post","link":"https:\/\/www.beaubourg-paris-hotel.com\/pt-pt\/2025\/05\/23\/les-150-ans-du-palais-garnier\/","title":{"rendered":"Les 150 ans du Palais Garnier"},"content":{"rendered":"<h3 data-start=\"4885\" data-end=\"4925\"><strong data-start=\"4892\" data-end=\"4925\">Les 150 ans du Palais Garnier<\/strong><\/h3>\n<ul data-start=\"4926\" data-end=\"5194\">\n<li data-start=\"4926\" data-end=\"4981\">\n<p data-start=\"4928\" data-end=\"4981\"><strong data-start=\"4928\" data-end=\"4939\">Dates :<\/strong> <span class=\"relative -mx-px my-[-0.2rem] rounded px-px py-[0.2rem] transition-colors duration-100 ease-in-out\">14 octobre 2025 \u2013 15 f\u00e9vrier 2026<\/span><\/p>\n<\/li>\n<li data-start=\"4982\" data-end=\"5036\">\n<p data-start=\"4984\" data-end=\"5036\"><strong data-start=\"4984\" data-end=\"4994\">Lieu :<\/strong> <span class=\"relative -mx-px my-[-0.2rem] rounded px-px py-[0.2rem] transition-colors duration-100 ease-in-out\">Palais Garnier, Paris<\/span><\/p>\n<\/li>\n<li data-start=\"5037\" data-end=\"5098\">\n<p data-start=\"5039\" data-end=\"5098\"><strong data-start=\"5039\" data-end=\"5056\">Description :<\/strong> <span class=\"relative -mx-px my-[-0.2rem] rounded px-px py-[0.2rem] transition-colors duration-100 ease-in-out\">Exposition c\u00e9l\u00e9brant le 150e anniversaire de l&#8217;op\u00e9ra embl\u00e9matique de Paris.<\/span><\/p>\n<\/li>\n<li data-start=\"5099\" data-end=\"5194\">\n<p data-start=\"5101\" data-end=\"5194\"><strong data-start=\"5101\" data-end=\"5111\">Lien :<\/strong> <span class=\"relative -mx-px my-[-0.2rem] rounded px-px py-[0.2rem] transition-colors duration-100 ease-in-out\"><a href=\"https:\/\/parisjetaime.com\/eng\/article\/what-to-do-in-paris-in-october-a1039\" target=\"_new\" rel=\"noopener noreferrer\" data-start=\"0\" data-end=\"92\" data-is-last-node=\"\" data-is-only-node=\"\">Paris je t&#8217;aime<\/a><\/span><span class=\"ms-1 inline-flex max-w-full items-center relative top-[-0.094rem] animate-[show_150ms_ease-in]\"><a class=\"flex h-4.5 overflow-hidden rounded-xl px-2 text-[0.5625em] font-medium text-token-text-secondary! bg-[#F4F4F4]! dark:bg-[#303030]! transition-colors duration-150 ease-in-out\" href=\"https:\/\/parisjetaime.com\/eng\/article\/what-to-do-in-paris-in-october-a1039?utm_source=chatgpt.com\" target=\"_blank\" rel=\"noopener\"><span class=\"relative start-0 bottom-0 flex h-full w-full items-center\"><span class=\"flex h-4 w-full items-center justify-between overflow-hidden\"><span class=\"max-w-full grow truncate overflow-hidden text-center\">Paris je t&#8217;aime &#8211; Tourist office<\/span><\/span><\/span><\/a><\/span><\/p>\n<\/li>\n<\/ul>\n<p data-start=\"5196\" data-end=\"5231\"><strong data-start=\"5196\" data-end=\"5231\">150 Years of the Palais Garnier<\/strong><\/p>\n<ul data-start=\"5232\" data-end=\"5404\">\n<li data-start=\"5232\" data-end=\"5281\">\n<p data-start=\"5234\" data-end=\"5281\"><strong data-start=\"5234\" data-end=\"5244\">Dates:<\/strong> October 14, 2025 \u2013 February 15, 2026<\/p>\n<\/li>\n<li data-start=\"5282\" data-end=\"5316\">\n<p data-start=\"5284\" data-end=\"5316\"><strong data-start=\"5284\" data-end=\"5294\">Venue:<\/strong> Palais Garnier, Paris<\/p>\n<\/li>\n<li data-start=\"5317\" data-end=\"5404\">\n<p data-start=\"5319\" data-end=\"5404\"><strong data-start=\"5319\" data-end=\"5335\">Description:<\/strong> Exhibition celebrating the 150th anniversary of Paris&#8217;s iconic opera<\/p>\n<\/li>\n<li data-start=\"5317\" data-end=\"5404\"><span class=\"relative -mx-px my-[-0.2rem] rounded px-px py-[0.2rem] transition-colors duration-100 ease-in-out\"><a href=\"https:\/\/parisjetaime.com\/eng\/article\/what-to-do-in-paris-in-october-a1039\" target=\"_new\" rel=\"noopener noreferrer\" data-start=\"0\" data-end=\"92\" data-is-last-node=\"\" data-is-only-node=\"\">Paris je t&#8217;aime<\/a><\/span><span class=\"ms-1 inline-flex max-w-full items-center relative top-[-0.094rem] animate-[show_150ms_ease-in]\"><a class=\"flex h-4.5 overflow-hidden rounded-xl px-2 text-[0.5625em] font-medium text-token-text-secondary! bg-[#F4F4F4]! dark:bg-[#303030]! transition-colors duration-150 ease-in-out\" href=\"https:\/\/parisjetaime.com\/eng\/article\/what-to-do-in-paris-in-october-a1039?utm_source=chatgpt.com\" target=\"_blank\" rel=\"noopener\"><span class=\"relative start-0 bottom-0 flex h-full w-full items-center\"><span class=\"flex h-4 w-full items-center justify-between overflow-hidden\"><span class=\"max-w-full grow truncate overflow-hidden text-center\">Paris je t&#8217;aime &#8211; Tourist office<\/span><\/span><\/span><\/a><\/span><\/li>\n<\/ul>\n","protected":false},"excerpt":{"rendered":"<p>Les 150 ans du Palais Garnier Dates : 14 octobre 2025 \u2013 15 f\u00e9vrier 2026 Lieu : Palais Garnier, Paris Description : Exposition c\u00e9l\u00e9brant le 150e anniversaire de l&#8217;op\u00e9ra embl\u00e9matique de Paris. Lien : Paris&#8230;<\/p>\n<div class=\"read-more-container\"><a class=\"more-link btn btn-default btn-sm read-more\" href=\"https:\/\/www.beaubourg-paris-hotel.com\/pt-pt\/2025\/05\/23\/les-150-ans-du-palais-garnier\/\">Read More<\/a><\/div>\n","protected":false},"author":1,"featured_media":0,"comment_status":"closed","ping_status":"closed","sticky":false,"template":"","format":"standard","meta":{"footnotes":""},"categories":[202],"tags":[],"class_list":["post-22283","post","type-post","status-publish","format-standard","hentry","category-actualites-pt-pt"],"yoast_head":"<title>Les 150 ans du Palais Garnier - H\u00f4tel Beaubourg<\/title>\n<meta name=\"robots\" content=\"index, follow, max-snippet:-1, max-image-preview:large, max-video-preview:-1\" \/>\n<link rel=\"canonical\" href=\"https:\/\/www.beaubourg-paris-hotel.com\/pt-pt\/2025\/05\/23\/les-150-ans-du-palais-garnier\/\" \/>\n<meta property=\"og:locale\" content=\"pt_PT\" \/>\n<meta property=\"og:type\" content=\"article\" \/>\n<meta property=\"og:title\" content=\"Les 150 ans du Palais Garnier - H\u00f4tel Beaubourg\" \/>\n<meta property=\"og:description\" content=\"Les 150 ans du Palais Garnier Dates : 14 octobre 2025 \u2013 15 f\u00e9vrier 2026 Lieu : Palais Garnier, Paris Description : Exposition c\u00e9l\u00e9brant le 150e anniversaire de l&#8217;op\u00e9ra embl\u00e9matique de Paris. Lien : Paris...Read More\" \/>\n<meta property=\"og:url\" content=\"https:\/\/www.beaubourg-paris-hotel.com\/pt-pt\/2025\/05\/23\/les-150-ans-du-palais-garnier\/\" \/>\n<meta property=\"og:site_name\" content=\"H\u00f4tel Beaubourg\" \/>\n<meta property=\"article:published_time\" content=\"2025-05-23T12:34:50+00:00\" \/>\n<meta name=\"author\" content=\"Hotel-Beaubourg\" \/>\n<meta name=\"twitter:card\" content=\"summary_large_image\" \/>\n<meta name=\"twitter:label1\" content=\"Escrito por\" \/>\n\t<meta name=\"twitter:data1\" content=\"Hotel-Beaubourg\" \/>\n<script type=\"application\/ld+json\" class=\"yoast-schema-graph\">{\"@context\":\"https:\/\/schema.org\",\"@graph\":[{\"@type\":\"Article\",\"@id\":\"https:\/\/www.beaubourg-paris-hotel.com\/pt-pt\/2025\/05\/23\/les-150-ans-du-palais-garnier\/#article\",\"isPartOf\":{\"@id\":\"https:\/\/www.beaubourg-paris-hotel.com\/pt-pt\/2025\/05\/23\/les-150-ans-du-palais-garnier\/\"},\"author\":{\"name\":\"Hotel-Beaubourg\",\"@id\":\"https:\/\/www.beaubourg-paris-hotel.com\/it\/#\/schema\/person\/cc8b7216c6385078dd5e042562bf183b\"},\"headline\":\"Les 150 ans du Palais Garnier\",\"datePublished\":\"2025-05-23T12:34:50+00:00\",\"mainEntityOfPage\":{\"@id\":\"https:\/\/www.beaubourg-paris-hotel.com\/pt-pt\/2025\/05\/23\/les-150-ans-du-palais-garnier\/\"},\"wordCount\":80,\"articleSection\":[\"actualites\"],\"inLanguage\":\"pt-PT\"},{\"@type\":\"WebPage\",\"@id\":\"https:\/\/www.beaubourg-paris-hotel.com\/pt-pt\/2025\/05\/23\/les-150-ans-du-palais-garnier\/\",\"url\":\"https:\/\/www.beaubourg-paris-hotel.com\/pt-pt\/2025\/05\/23\/les-150-ans-du-palais-garnier\/\",\"name\":\"Les 150 ans du Palais Garnier - H\u00f4tel Beaubourg\",\"isPartOf\":{\"@id\":\"https:\/\/www.beaubourg-paris-hotel.com\/it\/#website\"},\"datePublished\":\"2025-05-23T12:34:50+00:00\",\"author\":{\"@id\":\"https:\/\/www.beaubourg-paris-hotel.com\/it\/#\/schema\/person\/cc8b7216c6385078dd5e042562bf183b\"},\"breadcrumb\":{\"@id\":\"https:\/\/www.beaubourg-paris-hotel.com\/pt-pt\/2025\/05\/23\/les-150-ans-du-palais-garnier\/#breadcrumb\"},\"inLanguage\":\"pt-PT\",\"potentialAction\":[{\"@type\":\"ReadAction\",\"target\":[\"https:\/\/www.beaubourg-paris-hotel.com\/pt-pt\/2025\/05\/23\/les-150-ans-du-palais-garnier\/\"]}]},{\"@type\":\"BreadcrumbList\",\"@id\":\"https:\/\/www.beaubourg-paris-hotel.com\/pt-pt\/2025\/05\/23\/les-150-ans-du-palais-garnier\/#breadcrumb\",\"itemListElement\":[{\"@type\":\"ListItem\",\"position\":1,\"name\":\"Accueil\",\"item\":\"https:\/\/www.beaubourg-paris-hotel.com\/pt-pt\/\"},{\"@type\":\"ListItem\",\"position\":2,\"name\":\"Les 150 ans du Palais Garnier\"}]},{\"@type\":\"WebSite\",\"@id\":\"https:\/\/www.beaubourg-paris-hotel.com\/it\/#website\",\"url\":\"https:\/\/www.beaubourg-paris-hotel.com\/it\/\",\"name\":\"H\u00f4tel Beaubourg\",\"description\":\"H\u00f4tel 3 \u00e9toiles de charme, Paris Centre.\",\"potentialAction\":[{\"@type\":\"SearchAction\",\"target\":{\"@type\":\"EntryPoint\",\"urlTemplate\":\"https:\/\/www.beaubourg-paris-hotel.com\/it\/?s={search_term_string}\"},\"query-input\":{\"@type\":\"PropertyValueSpecification\",\"valueRequired\":true,\"valueName\":\"search_term_string\"}}],\"inLanguage\":\"pt-PT\"},{\"@type\":\"Person\",\"@id\":\"https:\/\/www.beaubourg-paris-hotel.com\/it\/#\/schema\/person\/cc8b7216c6385078dd5e042562bf183b\",\"name\":\"Hotel-Beaubourg\",\"image\":{\"@type\":\"ImageObject\",\"inLanguage\":\"pt-PT\",\"@id\":\"https:\/\/www.beaubourg-paris-hotel.com\/it\/#\/schema\/person\/image\/\",\"url\":\"https:\/\/secure.gravatar.com\/avatar\/842fe86f8fa77164ecb3108ec37dabcb0396b62d74f78e4e665915826809d095?s=96&d=mm&r=g\",\"contentUrl\":\"https:\/\/secure.gravatar.com\/avatar\/842fe86f8fa77164ecb3108ec37dabcb0396b62d74f78e4e665915826809d095?s=96&d=mm&r=g\",\"caption\":\"Hotel-Beaubourg\"}}]}<\/script>","yoast_head_json":{"title":"Les 150 ans du Palais Garnier - H\u00f4tel Beaubourg","robots":{"index":"index","follow":"follow","max-snippet":"max-snippet:-1","max-image-preview":"max-image-preview:large","max-video-preview":"max-video-preview:-1"},"canonical":"https:\/\/www.beaubourg-paris-hotel.com\/pt-pt\/2025\/05\/23\/les-150-ans-du-palais-garnier\/","og_locale":"pt_PT","og_type":"article","og_title":"Les 150 ans du Palais Garnier - H\u00f4tel Beaubourg","og_description":"Les 150 ans du Palais Garnier Dates : 14 octobre 2025 \u2013 15 f\u00e9vrier 2026 Lieu : Palais Garnier, Paris Description : Exposition c\u00e9l\u00e9brant le 150e anniversaire de l&#8217;op\u00e9ra embl\u00e9matique de Paris. Lien : Paris...Read More","og_url":"https:\/\/www.beaubourg-paris-hotel.com\/pt-pt\/2025\/05\/23\/les-150-ans-du-palais-garnier\/","og_site_name":"H\u00f4tel Beaubourg","article_published_time":"2025-05-23T12:34:50+00:00","author":"Hotel-Beaubourg","twitter_card":"summary_large_image","twitter_misc":{"Escrito por":"Hotel-Beaubourg"},"schema":{"@context":"https:\/\/schema.org","@graph":[{"@type":"Article","@id":"https:\/\/www.beaubourg-paris-hotel.com\/pt-pt\/2025\/05\/23\/les-150-ans-du-palais-garnier\/#article","isPartOf":{"@id":"https:\/\/www.beaubourg-paris-hotel.com\/pt-pt\/2025\/05\/23\/les-150-ans-du-palais-garnier\/"},"author":{"name":"Hotel-Beaubourg","@id":"https:\/\/www.beaubourg-paris-hotel.com\/it\/#\/schema\/person\/cc8b7216c6385078dd5e042562bf183b"},"headline":"Les 150 ans du Palais Garnier","datePublished":"2025-05-23T12:34:50+00:00","mainEntityOfPage":{"@id":"https:\/\/www.beaubourg-paris-hotel.com\/pt-pt\/2025\/05\/23\/les-150-ans-du-palais-garnier\/"},"wordCount":80,"articleSection":["actualites"],"inLanguage":"pt-PT"},{"@type":"WebPage","@id":"https:\/\/www.beaubourg-paris-hotel.com\/pt-pt\/2025\/05\/23\/les-150-ans-du-palais-garnier\/","url":"https:\/\/www.beaubourg-paris-hotel.com\/pt-pt\/2025\/05\/23\/les-150-ans-du-palais-garnier\/","name":"Les 150 ans du Palais Garnier - H\u00f4tel Beaubourg","isPartOf":{"@id":"https:\/\/www.beaubourg-paris-hotel.com\/it\/#website"},"datePublished":"2025-05-23T12:34:50+00:00","author":{"@id":"https:\/\/www.beaubourg-paris-hotel.com\/it\/#\/schema\/person\/cc8b7216c6385078dd5e042562bf183b"},"breadcrumb":{"@id":"https:\/\/www.beaubourg-paris-hotel.com\/pt-pt\/2025\/05\/23\/les-150-ans-du-palais-garnier\/#breadcrumb"},"inLanguage":"pt-PT","potentialAction":[{"@type":"ReadAction","target":["https:\/\/www.beaubourg-paris-hotel.com\/pt-pt\/2025\/05\/23\/les-150-ans-du-palais-garnier\/"]}]},{"@type":"BreadcrumbList","@id":"https:\/\/www.beaubourg-paris-hotel.com\/pt-pt\/2025\/05\/23\/les-150-ans-du-palais-garnier\/#breadcrumb","itemListElement":[{"@type":"ListItem","position":1,"name":"Accueil","item":"https:\/\/www.beaubourg-paris-hotel.com\/pt-pt\/"},{"@type":"ListItem","position":2,"name":"Les 150 ans du Palais Garnier"}]},{"@type":"WebSite","@id":"https:\/\/www.beaubourg-paris-hotel.com\/it\/#website","url":"https:\/\/www.beaubourg-paris-hotel.com\/it\/","name":"H\u00f4tel Beaubourg","description":"H\u00f4tel 3 \u00e9toiles de charme, Paris Centre.","potentialAction":[{"@type":"SearchAction","target":{"@type":"EntryPoint","urlTemplate":"https:\/\/www.beaubourg-paris-hotel.com\/it\/?s={search_term_string}"},"query-input":{"@type":"PropertyValueSpecification","valueRequired":true,"valueName":"search_term_string"}}],"inLanguage":"pt-PT"},{"@type":"Person","@id":"https:\/\/www.beaubourg-paris-hotel.com\/it\/#\/schema\/person\/cc8b7216c6385078dd5e042562bf183b","name":"Hotel-Beaubourg","image":{"@type":"ImageObject","inLanguage":"pt-PT","@id":"https:\/\/www.beaubourg-paris-hotel.com\/it\/#\/schema\/person\/image\/","url":"https:\/\/secure.gravatar.com\/avatar\/842fe86f8fa77164ecb3108ec37dabcb0396b62d74f78e4e665915826809d095?s=96&d=mm&r=g","contentUrl":"https:\/\/secure.gravatar.com\/avatar\/842fe86f8fa77164ecb3108ec37dabcb0396b62d74f78e4e665915826809d095?s=96&d=mm&r=g","caption":"Hotel-Beaubourg"}}]}},"_links":{"self":[{"href":"https:\/\/www.beaubourg-paris-hotel.com\/pt-pt\/wp-json\/wp\/v2\/posts\/22283","targetHints":{"allow":["GET"]}}],"collection":[{"href":"https:\/\/www.beaubourg-paris-hotel.com\/pt-pt\/wp-json\/wp\/v2\/posts"}],"about":[{"href":"https:\/\/www.beaubourg-paris-hotel.com\/pt-pt\/wp-json\/wp\/v2\/types\/post"}],"author":[{"embeddable":true,"href":"https:\/\/www.beaubourg-paris-hotel.com\/pt-pt\/wp-json\/wp\/v2\/users\/1"}],"replies":[{"embeddable":true,"href":"https:\/\/www.beaubourg-paris-hotel.com\/pt-pt\/wp-json\/wp\/v2\/comments?post=22283"}],"version-history":[{"count":0,"href":"https:\/\/www.beaubourg-paris-hotel.com\/pt-pt\/wp-json\/wp\/v2\/posts\/22283\/revisions"}],"wp:attachment":[{"href":"https:\/\/www.beaubourg-paris-hotel.com\/pt-pt\/wp-json\/wp\/v2\/media?parent=22283"}],"wp:term":[{"taxonomy":"category","embeddable":true,"href":"https:\/\/www.beaubourg-paris-hotel.com\/pt-pt\/wp-json\/wp\/v2\/categories?post=22283"},{"taxonomy":"post_tag","embeddable":true,"href":"https:\/\/www.beaubourg-paris-hotel.com\/pt-pt\/wp-json\/wp\/v2\/tags?post=22283"}],"curies":[{"name":"wp","href":"https:\/\/api.w.org\/{rel}","templated":true}]}}