{"id":21465,"date":"2024-04-15T11:49:39","date_gmt":"2024-04-15T09:49:39","guid":{"rendered":"https:\/\/www.beaubourg-paris-hotel.com\/?p=21465"},"modified":"2024-04-15T12:00:37","modified_gmt":"2024-04-15T10:00:37","slug":"eric-clapton-accor-arena-8-boulevard-de-bercy-75012-paris-du-26-mai-2024-au-27-mai-2024","status":"publish","type":"post","link":"https:\/\/www.beaubourg-paris-hotel.com\/pt-pt\/2024\/04\/15\/eric-clapton-accor-arena-8-boulevard-de-bercy-75012-paris-du-26-mai-2024-au-27-mai-2024\/","title":{"rendered":"Eric Clapton Accor Arena, 8 boulevard de Bercy &#8211; 75012 Paris Du 26 mai 2024 au 27 mai 2024"},"content":{"rendered":"<section>\n<div class=\"centered_section separator_section\">\n<h2>Le chanteur et guitariste Eric Clapton en concert \u00e0 l&#8217;Accor Arena \u00e0 Paris pour deux soir\u00e9es exceptionnelles.<\/h2>\n<p>Le c\u00e9l\u00e8bre chanteur et guitariste britannique Eric Clapton fait son grand retour sur sc\u00e8ne en France apr\u00e8s 14 ans d&#8217;absence. L&#8217;artiste donne rendez-vous \u00e0 ses fans les 26 et 27 mai 2024 \u00e0 Paris \u00e0 l&#8217;Accor Arena pour deux concerts exceptionnels. Dans le cadre de sa tourn\u00e9e \u00ab Celebrating 60 years of touring 1963-2023 \u00bb. Eric Clapton c\u00e9l\u00e8bre et revisite les 60 ans de sa carri\u00e8re, offrant au public une soir\u00e9e riche en \u00e9motions, au rythme de ses plus grands tubes et de ses chansons cr\u00e9\u00e9es en solo ou en collaboration avec les groupes Yardbirds, Cream, Derek &amp; Dominos.<\/p>\n<\/div>\n<\/section>\n<section class=\"beige_bg\">\n<div class=\"centered_section separator_section\">\n<table class=\"table beige_bg rounded_1 layout_highlight_table\">\n<tbody>\n<tr>\n<td><img decoding=\"async\" class=\"layout_highlight_icon\" src=\"https:\/\/parisjetaime.com\/public\/images\/otcp\/icon\/hour_green.svg\" alt=\"\" \/><\/td>\n<td>A 20h<\/td>\n<\/tr>\n<tr>\n<td><img decoding=\"async\" class=\"layout_highlight_icon\" src=\"https:\/\/parisjetaime.com\/public\/images\/otcp\/icon\/currency_circle_green.svg\" alt=\"\" \/><\/td>\n<td>A partir de 84 euros<\/td>\n<\/tr>\n<tr>\n<td><img decoding=\"async\" class=\"layout_highlight_icon\" src=\"https:\/\/parisjetaime.com\/public\/images\/otcp\/icon\/plus_circle_green.svg\" alt=\"\" \/><\/td>\n<td><a href=\"https:\/\/www.accorarena.com\/fr\/programmation\/eric-clapton--54908\" target=\"_blank\" rel=\"noopener\">https:\/\/www.accorarena.com\/fr\/programmation\/eric-clapton&#8211;54908<\/a><\/td>\n<\/tr>\n<tr>\n<td><img decoding=\"async\" class=\"layout_highlight_icon\" src=\"https:\/\/parisjetaime.com\/public\/images\/otcp\/icon\/user_circle_green.svg\" alt=\"\" \/><\/td>\n<td>Tout public<\/td>\n<\/tr>\n<\/tbody>\n<\/table>\n<\/div>\n<\/section>\n","protected":false},"excerpt":{"rendered":"<p>Le chanteur et guitariste Eric Clapton en concert \u00e0 l&#8217;Accor Arena \u00e0 Paris pour deux soir\u00e9es exceptionnelles. Le c\u00e9l\u00e8bre chanteur et guitariste britannique Eric Clapton fait son grand retour sur sc\u00e8ne en France apr\u00e8s 14&#8230;<\/p>\n<div class=\"read-more-container\"><a class=\"more-link btn btn-default btn-sm read-more\" href=\"https:\/\/www.beaubourg-paris-hotel.com\/pt-pt\/2024\/04\/15\/eric-clapton-accor-arena-8-boulevard-de-bercy-75012-paris-du-26-mai-2024-au-27-mai-2024\/\">Read More<\/a><\/div>\n","protected":false},"author":1,"featured_media":0,"comment_status":"closed","ping_status":"closed","sticky":false,"template":"","format":"standard","meta":{"footnotes":""},"categories":[202],"tags":[],"class_list":["post-21465","post","type-post","status-publish","format-standard","hentry","category-actualites-pt-pt"],"yoast_head":"<title>Eric Clapton Accor Arena, 8 boulevard de Bercy - 75012 Paris Du 26 mai 2024 au 27 mai 2024 - H\u00f4tel Beaubourg<\/title>\n<meta name=\"robots\" content=\"index, follow, max-snippet:-1, max-image-preview:large, max-video-preview:-1\" \/>\n<link rel=\"canonical\" href=\"https:\/\/www.beaubourg-paris-hotel.com\/pt-pt\/2024\/04\/15\/eric-clapton-accor-arena-8-boulevard-de-bercy-75012-paris-du-26-mai-2024-au-27-mai-2024\/\" \/>\n<meta property=\"og:locale\" content=\"pt_PT\" \/>\n<meta property=\"og:type\" content=\"article\" \/>\n<meta property=\"og:title\" content=\"Eric Clapton Accor Arena, 8 boulevard de Bercy - 75012 Paris Du 26 mai 2024 au 27 mai 2024 - H\u00f4tel Beaubourg\" \/>\n<meta property=\"og:description\" content=\"Le chanteur et guitariste Eric Clapton en concert \u00e0 l&#8217;Accor Arena \u00e0 Paris pour deux soir\u00e9es exceptionnelles. Le c\u00e9l\u00e8bre chanteur et guitariste britannique Eric Clapton fait son grand retour sur sc\u00e8ne en France apr\u00e8s 14...Read More\" \/>\n<meta property=\"og:url\" content=\"https:\/\/www.beaubourg-paris-hotel.com\/pt-pt\/2024\/04\/15\/eric-clapton-accor-arena-8-boulevard-de-bercy-75012-paris-du-26-mai-2024-au-27-mai-2024\/\" \/>\n<meta property=\"og:site_name\" content=\"H\u00f4tel Beaubourg\" \/>\n<meta property=\"article:published_time\" content=\"2024-04-15T09:49:39+00:00\" \/>\n<meta property=\"article:modified_time\" content=\"2024-04-15T10:00:37+00:00\" \/>\n<meta property=\"og:image\" content=\"https:\/\/parisjetaime.com\/public\/images\/otcp\/icon\/hour_green.svg\" \/>\n<meta name=\"author\" content=\"Hotel-Beaubourg\" \/>\n<meta name=\"twitter:card\" content=\"summary_large_image\" \/>\n<meta name=\"twitter:label1\" content=\"Escrito por\" \/>\n\t<meta name=\"twitter:data1\" content=\"Hotel-Beaubourg\" \/>\n\t<meta name=\"twitter:label2\" content=\"Tempo estimado de leitura\" \/>\n\t<meta name=\"twitter:data2\" content=\"1 minuto\" \/>\n<script type=\"application\/ld+json\" class=\"yoast-schema-graph\">{\"@context\":\"https:\/\/schema.org\",\"@graph\":[{\"@type\":\"Article\",\"@id\":\"https:\/\/www.beaubourg-paris-hotel.com\/pt-pt\/2024\/04\/15\/eric-clapton-accor-arena-8-boulevard-de-bercy-75012-paris-du-26-mai-2024-au-27-mai-2024\/#article\",\"isPartOf\":{\"@id\":\"https:\/\/www.beaubourg-paris-hotel.com\/pt-pt\/2024\/04\/15\/eric-clapton-accor-arena-8-boulevard-de-bercy-75012-paris-du-26-mai-2024-au-27-mai-2024\/\"},\"author\":{\"name\":\"Hotel-Beaubourg\",\"@id\":\"https:\/\/www.beaubourg-paris-hotel.com\/it\/#\/schema\/person\/cc8b7216c6385078dd5e042562bf183b\"},\"headline\":\"Eric Clapton Accor Arena, 8 boulevard de Bercy &#8211; 75012 Paris Du 26 mai 2024 au 27 mai 2024\",\"datePublished\":\"2024-04-15T09:49:39+00:00\",\"dateModified\":\"2024-04-15T10:00:37+00:00\",\"mainEntityOfPage\":{\"@id\":\"https:\/\/www.beaubourg-paris-hotel.com\/pt-pt\/2024\/04\/15\/eric-clapton-accor-arena-8-boulevard-de-bercy-75012-paris-du-26-mai-2024-au-27-mai-2024\/\"},\"wordCount\":146,\"image\":{\"@id\":\"https:\/\/www.beaubourg-paris-hotel.com\/pt-pt\/2024\/04\/15\/eric-clapton-accor-arena-8-boulevard-de-bercy-75012-paris-du-26-mai-2024-au-27-mai-2024\/#primaryimage\"},\"thumbnailUrl\":\"https:\/\/parisjetaime.com\/public\/images\/otcp\/icon\/hour_green.svg\",\"articleSection\":[\"actualites\"],\"inLanguage\":\"pt-PT\"},{\"@type\":\"WebPage\",\"@id\":\"https:\/\/www.beaubourg-paris-hotel.com\/pt-pt\/2024\/04\/15\/eric-clapton-accor-arena-8-boulevard-de-bercy-75012-paris-du-26-mai-2024-au-27-mai-2024\/\",\"url\":\"https:\/\/www.beaubourg-paris-hotel.com\/pt-pt\/2024\/04\/15\/eric-clapton-accor-arena-8-boulevard-de-bercy-75012-paris-du-26-mai-2024-au-27-mai-2024\/\",\"name\":\"Eric Clapton Accor Arena, 8 boulevard de Bercy - 75012 Paris Du 26 mai 2024 au 27 mai 2024 - H\u00f4tel Beaubourg\",\"isPartOf\":{\"@id\":\"https:\/\/www.beaubourg-paris-hotel.com\/it\/#website\"},\"primaryImageOfPage\":{\"@id\":\"https:\/\/www.beaubourg-paris-hotel.com\/pt-pt\/2024\/04\/15\/eric-clapton-accor-arena-8-boulevard-de-bercy-75012-paris-du-26-mai-2024-au-27-mai-2024\/#primaryimage\"},\"image\":{\"@id\":\"https:\/\/www.beaubourg-paris-hotel.com\/pt-pt\/2024\/04\/15\/eric-clapton-accor-arena-8-boulevard-de-bercy-75012-paris-du-26-mai-2024-au-27-mai-2024\/#primaryimage\"},\"thumbnailUrl\":\"https:\/\/parisjetaime.com\/public\/images\/otcp\/icon\/hour_green.svg\",\"datePublished\":\"2024-04-15T09:49:39+00:00\",\"dateModified\":\"2024-04-15T10:00:37+00:00\",\"author\":{\"@id\":\"https:\/\/www.beaubourg-paris-hotel.com\/it\/#\/schema\/person\/cc8b7216c6385078dd5e042562bf183b\"},\"breadcrumb\":{\"@id\":\"https:\/\/www.beaubourg-paris-hotel.com\/pt-pt\/2024\/04\/15\/eric-clapton-accor-arena-8-boulevard-de-bercy-75012-paris-du-26-mai-2024-au-27-mai-2024\/#breadcrumb\"},\"inLanguage\":\"pt-PT\",\"potentialAction\":[{\"@type\":\"ReadAction\",\"target\":[\"https:\/\/www.beaubourg-paris-hotel.com\/pt-pt\/2024\/04\/15\/eric-clapton-accor-arena-8-boulevard-de-bercy-75012-paris-du-26-mai-2024-au-27-mai-2024\/\"]}]},{\"@type\":\"ImageObject\",\"inLanguage\":\"pt-PT\",\"@id\":\"https:\/\/www.beaubourg-paris-hotel.com\/pt-pt\/2024\/04\/15\/eric-clapton-accor-arena-8-boulevard-de-bercy-75012-paris-du-26-mai-2024-au-27-mai-2024\/#primaryimage\",\"url\":\"https:\/\/parisjetaime.com\/public\/images\/otcp\/icon\/hour_green.svg\",\"contentUrl\":\"https:\/\/parisjetaime.com\/public\/images\/otcp\/icon\/hour_green.svg\"},{\"@type\":\"BreadcrumbList\",\"@id\":\"https:\/\/www.beaubourg-paris-hotel.com\/pt-pt\/2024\/04\/15\/eric-clapton-accor-arena-8-boulevard-de-bercy-75012-paris-du-26-mai-2024-au-27-mai-2024\/#breadcrumb\",\"itemListElement\":[{\"@type\":\"ListItem\",\"position\":1,\"name\":\"Accueil\",\"item\":\"https:\/\/www.beaubourg-paris-hotel.com\/pt-pt\/\"},{\"@type\":\"ListItem\",\"position\":2,\"name\":\"Eric Clapton Accor Arena, 8 boulevard de Bercy &#8211; 75012 Paris Du 26 mai 2024 au 27 mai 2024\"}]},{\"@type\":\"WebSite\",\"@id\":\"https:\/\/www.beaubourg-paris-hotel.com\/it\/#website\",\"url\":\"https:\/\/www.beaubourg-paris-hotel.com\/it\/\",\"name\":\"H\u00f4tel Beaubourg\",\"description\":\"H\u00f4tel 3 \u00e9toiles de charme, Paris Centre.\",\"potentialAction\":[{\"@type\":\"SearchAction\",\"target\":{\"@type\":\"EntryPoint\",\"urlTemplate\":\"https:\/\/www.beaubourg-paris-hotel.com\/it\/?s={search_term_string}\"},\"query-input\":{\"@type\":\"PropertyValueSpecification\",\"valueRequired\":true,\"valueName\":\"search_term_string\"}}],\"inLanguage\":\"pt-PT\"},{\"@type\":\"Person\",\"@id\":\"https:\/\/www.beaubourg-paris-hotel.com\/it\/#\/schema\/person\/cc8b7216c6385078dd5e042562bf183b\",\"name\":\"Hotel-Beaubourg\",\"image\":{\"@type\":\"ImageObject\",\"inLanguage\":\"pt-PT\",\"@id\":\"https:\/\/www.beaubourg-paris-hotel.com\/it\/#\/schema\/person\/image\/\",\"url\":\"https:\/\/secure.gravatar.com\/avatar\/842fe86f8fa77164ecb3108ec37dabcb0396b62d74f78e4e665915826809d095?s=96&d=mm&r=g\",\"contentUrl\":\"https:\/\/secure.gravatar.com\/avatar\/842fe86f8fa77164ecb3108ec37dabcb0396b62d74f78e4e665915826809d095?s=96&d=mm&r=g\",\"caption\":\"Hotel-Beaubourg\"}}]}<\/script>","yoast_head_json":{"title":"Eric Clapton Accor Arena, 8 boulevard de Bercy - 75012 Paris Du 26 mai 2024 au 27 mai 2024 - H\u00f4tel Beaubourg","robots":{"index":"index","follow":"follow","max-snippet":"max-snippet:-1","max-image-preview":"max-image-preview:large","max-video-preview":"max-video-preview:-1"},"canonical":"https:\/\/www.beaubourg-paris-hotel.com\/pt-pt\/2024\/04\/15\/eric-clapton-accor-arena-8-boulevard-de-bercy-75012-paris-du-26-mai-2024-au-27-mai-2024\/","og_locale":"pt_PT","og_type":"article","og_title":"Eric Clapton Accor Arena, 8 boulevard de Bercy - 75012 Paris Du 26 mai 2024 au 27 mai 2024 - H\u00f4tel Beaubourg","og_description":"Le chanteur et guitariste Eric Clapton en concert \u00e0 l&#8217;Accor Arena \u00e0 Paris pour deux soir\u00e9es exceptionnelles. Le c\u00e9l\u00e8bre chanteur et guitariste britannique Eric Clapton fait son grand retour sur sc\u00e8ne en France apr\u00e8s 14...Read More","og_url":"https:\/\/www.beaubourg-paris-hotel.com\/pt-pt\/2024\/04\/15\/eric-clapton-accor-arena-8-boulevard-de-bercy-75012-paris-du-26-mai-2024-au-27-mai-2024\/","og_site_name":"H\u00f4tel Beaubourg","article_published_time":"2024-04-15T09:49:39+00:00","article_modified_time":"2024-04-15T10:00:37+00:00","og_image":[{"url":"https:\/\/parisjetaime.com\/public\/images\/otcp\/icon\/hour_green.svg","type":"","width":"","height":""}],"author":"Hotel-Beaubourg","twitter_card":"summary_large_image","twitter_misc":{"Escrito por":"Hotel-Beaubourg","Tempo estimado de leitura":"1 minuto"},"schema":{"@context":"https:\/\/schema.org","@graph":[{"@type":"Article","@id":"https:\/\/www.beaubourg-paris-hotel.com\/pt-pt\/2024\/04\/15\/eric-clapton-accor-arena-8-boulevard-de-bercy-75012-paris-du-26-mai-2024-au-27-mai-2024\/#article","isPartOf":{"@id":"https:\/\/www.beaubourg-paris-hotel.com\/pt-pt\/2024\/04\/15\/eric-clapton-accor-arena-8-boulevard-de-bercy-75012-paris-du-26-mai-2024-au-27-mai-2024\/"},"author":{"name":"Hotel-Beaubourg","@id":"https:\/\/www.beaubourg-paris-hotel.com\/it\/#\/schema\/person\/cc8b7216c6385078dd5e042562bf183b"},"headline":"Eric Clapton Accor Arena, 8 boulevard de Bercy &#8211; 75012 Paris Du 26 mai 2024 au 27 mai 2024","datePublished":"2024-04-15T09:49:39+00:00","dateModified":"2024-04-15T10:00:37+00:00","mainEntityOfPage":{"@id":"https:\/\/www.beaubourg-paris-hotel.com\/pt-pt\/2024\/04\/15\/eric-clapton-accor-arena-8-boulevard-de-bercy-75012-paris-du-26-mai-2024-au-27-mai-2024\/"},"wordCount":146,"image":{"@id":"https:\/\/www.beaubourg-paris-hotel.com\/pt-pt\/2024\/04\/15\/eric-clapton-accor-arena-8-boulevard-de-bercy-75012-paris-du-26-mai-2024-au-27-mai-2024\/#primaryimage"},"thumbnailUrl":"https:\/\/parisjetaime.com\/public\/images\/otcp\/icon\/hour_green.svg","articleSection":["actualites"],"inLanguage":"pt-PT"},{"@type":"WebPage","@id":"https:\/\/www.beaubourg-paris-hotel.com\/pt-pt\/2024\/04\/15\/eric-clapton-accor-arena-8-boulevard-de-bercy-75012-paris-du-26-mai-2024-au-27-mai-2024\/","url":"https:\/\/www.beaubourg-paris-hotel.com\/pt-pt\/2024\/04\/15\/eric-clapton-accor-arena-8-boulevard-de-bercy-75012-paris-du-26-mai-2024-au-27-mai-2024\/","name":"Eric Clapton Accor Arena, 8 boulevard de Bercy - 75012 Paris Du 26 mai 2024 au 27 mai 2024 - H\u00f4tel Beaubourg","isPartOf":{"@id":"https:\/\/www.beaubourg-paris-hotel.com\/it\/#website"},"primaryImageOfPage":{"@id":"https:\/\/www.beaubourg-paris-hotel.com\/pt-pt\/2024\/04\/15\/eric-clapton-accor-arena-8-boulevard-de-bercy-75012-paris-du-26-mai-2024-au-27-mai-2024\/#primaryimage"},"image":{"@id":"https:\/\/www.beaubourg-paris-hotel.com\/pt-pt\/2024\/04\/15\/eric-clapton-accor-arena-8-boulevard-de-bercy-75012-paris-du-26-mai-2024-au-27-mai-2024\/#primaryimage"},"thumbnailUrl":"https:\/\/parisjetaime.com\/public\/images\/otcp\/icon\/hour_green.svg","datePublished":"2024-04-15T09:49:39+00:00","dateModified":"2024-04-15T10:00:37+00:00","author":{"@id":"https:\/\/www.beaubourg-paris-hotel.com\/it\/#\/schema\/person\/cc8b7216c6385078dd5e042562bf183b"},"breadcrumb":{"@id":"https:\/\/www.beaubourg-paris-hotel.com\/pt-pt\/2024\/04\/15\/eric-clapton-accor-arena-8-boulevard-de-bercy-75012-paris-du-26-mai-2024-au-27-mai-2024\/#breadcrumb"},"inLanguage":"pt-PT","potentialAction":[{"@type":"ReadAction","target":["https:\/\/www.beaubourg-paris-hotel.com\/pt-pt\/2024\/04\/15\/eric-clapton-accor-arena-8-boulevard-de-bercy-75012-paris-du-26-mai-2024-au-27-mai-2024\/"]}]},{"@type":"ImageObject","inLanguage":"pt-PT","@id":"https:\/\/www.beaubourg-paris-hotel.com\/pt-pt\/2024\/04\/15\/eric-clapton-accor-arena-8-boulevard-de-bercy-75012-paris-du-26-mai-2024-au-27-mai-2024\/#primaryimage","url":"https:\/\/parisjetaime.com\/public\/images\/otcp\/icon\/hour_green.svg","contentUrl":"https:\/\/parisjetaime.com\/public\/images\/otcp\/icon\/hour_green.svg"},{"@type":"BreadcrumbList","@id":"https:\/\/www.beaubourg-paris-hotel.com\/pt-pt\/2024\/04\/15\/eric-clapton-accor-arena-8-boulevard-de-bercy-75012-paris-du-26-mai-2024-au-27-mai-2024\/#breadcrumb","itemListElement":[{"@type":"ListItem","position":1,"name":"Accueil","item":"https:\/\/www.beaubourg-paris-hotel.com\/pt-pt\/"},{"@type":"ListItem","position":2,"name":"Eric Clapton Accor Arena, 8 boulevard de Bercy &#8211; 75012 Paris Du 26 mai 2024 au 27 mai 2024"}]},{"@type":"WebSite","@id":"https:\/\/www.beaubourg-paris-hotel.com\/it\/#website","url":"https:\/\/www.beaubourg-paris-hotel.com\/it\/","name":"H\u00f4tel Beaubourg","description":"H\u00f4tel 3 \u00e9toiles de charme, Paris Centre.","potentialAction":[{"@type":"SearchAction","target":{"@type":"EntryPoint","urlTemplate":"https:\/\/www.beaubourg-paris-hotel.com\/it\/?s={search_term_string}"},"query-input":{"@type":"PropertyValueSpecification","valueRequired":true,"valueName":"search_term_string"}}],"inLanguage":"pt-PT"},{"@type":"Person","@id":"https:\/\/www.beaubourg-paris-hotel.com\/it\/#\/schema\/person\/cc8b7216c6385078dd5e042562bf183b","name":"Hotel-Beaubourg","image":{"@type":"ImageObject","inLanguage":"pt-PT","@id":"https:\/\/www.beaubourg-paris-hotel.com\/it\/#\/schema\/person\/image\/","url":"https:\/\/secure.gravatar.com\/avatar\/842fe86f8fa77164ecb3108ec37dabcb0396b62d74f78e4e665915826809d095?s=96&d=mm&r=g","contentUrl":"https:\/\/secure.gravatar.com\/avatar\/842fe86f8fa77164ecb3108ec37dabcb0396b62d74f78e4e665915826809d095?s=96&d=mm&r=g","caption":"Hotel-Beaubourg"}}]}},"_links":{"self":[{"href":"https:\/\/www.beaubourg-paris-hotel.com\/pt-pt\/wp-json\/wp\/v2\/posts\/21465","targetHints":{"allow":["GET"]}}],"collection":[{"href":"https:\/\/www.beaubourg-paris-hotel.com\/pt-pt\/wp-json\/wp\/v2\/posts"}],"about":[{"href":"https:\/\/www.beaubourg-paris-hotel.com\/pt-pt\/wp-json\/wp\/v2\/types\/post"}],"author":[{"embeddable":true,"href":"https:\/\/www.beaubourg-paris-hotel.com\/pt-pt\/wp-json\/wp\/v2\/users\/1"}],"replies":[{"embeddable":true,"href":"https:\/\/www.beaubourg-paris-hotel.com\/pt-pt\/wp-json\/wp\/v2\/comments?post=21465"}],"version-history":[{"count":1,"href":"https:\/\/www.beaubourg-paris-hotel.com\/pt-pt\/wp-json\/wp\/v2\/posts\/21465\/revisions"}],"predecessor-version":[{"id":21495,"href":"https:\/\/www.beaubourg-paris-hotel.com\/pt-pt\/wp-json\/wp\/v2\/posts\/21465\/revisions\/21495"}],"wp:attachment":[{"href":"https:\/\/www.beaubourg-paris-hotel.com\/pt-pt\/wp-json\/wp\/v2\/media?parent=21465"}],"wp:term":[{"taxonomy":"category","embeddable":true,"href":"https:\/\/www.beaubourg-paris-hotel.com\/pt-pt\/wp-json\/wp\/v2\/categories?post=21465"},{"taxonomy":"post_tag","embeddable":true,"href":"https:\/\/www.beaubourg-paris-hotel.com\/pt-pt\/wp-json\/wp\/v2\/tags?post=21465"}],"curies":[{"name":"wp","href":"https:\/\/api.w.org\/{rel}","templated":true}]}}