{"id":20144,"date":"2021-09-13T11:24:45","date_gmt":"2021-09-13T09:24:45","guid":{"rendered":"https:\/\/www.beaubourg-paris-hotel.com\/2021\/09\/13\/premiere-vision-21-24-septembre-2021\/"},"modified":"2021-09-13T11:24:45","modified_gmt":"2021-09-13T09:24:45","slug":"premiere-vision-21-24-septembre-2021","status":"publish","type":"post","link":"https:\/\/www.beaubourg-paris-hotel.com\/it\/2021\/09\/13\/premiere-vision-21-24-septembre-2021\/","title":{"rendered":"Premiere vision 21 > 24 September 2021"},"content":{"rendered":"<p>The leading show for the upstream creative fashion industry, which<br \/>\nAnticipates the zeitgeist, trends and colors throughout the seasons<\/p>\n<p>Selects the best experts in materials and services to support you in your sourcing process<\/p>\n<p>Is committed alongside you in the fight for more responsible fashion from its inception<\/p>\n<p>Provides an international hub of interactions, inspiration, know-how, innovation and business<br \/>\n<a href=\"https:\/\/paris.premierevision.com\/\" rel=\"noopener\" target=\"_blank\">https:\/\/paris.premierevision.com\/<\/a><\/p>\n","protected":false},"excerpt":{"rendered":"<p>The leading show for the upstream creative fashion industry, which Anticipates the zeitgeist, trends and colors throughout the seasons Selects the best experts in materials and services to support you in your sourcing process Is&#8230;<\/p>\n<div class=\"read-more-container\"><a class=\"more-link btn btn-default btn-sm read-more\" href=\"https:\/\/www.beaubourg-paris-hotel.com\/it\/2021\/09\/13\/premiere-vision-21-24-septembre-2021\/\">Read More<\/a><\/div>\n","protected":false},"author":1,"featured_media":0,"comment_status":"closed","ping_status":"closed","sticky":false,"template":"","format":"standard","meta":{"footnotes":""},"categories":[200],"tags":[],"class_list":["post-20144","post","type-post","status-publish","format-standard","hentry","category-actualites-it"],"yoast_head":"<title>Premiere vision 21 &gt; 24 September 2021 - H\u00f4tel Beaubourg<\/title>\n<meta name=\"robots\" content=\"index, follow, max-snippet:-1, max-image-preview:large, max-video-preview:-1\" \/>\n<link rel=\"canonical\" href=\"https:\/\/www.beaubourg-paris-hotel.com\/it\/2021\/09\/13\/premiere-vision-21-24-septembre-2021\/\" \/>\n<meta property=\"og:locale\" content=\"it_IT\" \/>\n<meta property=\"og:type\" content=\"article\" \/>\n<meta property=\"og:title\" content=\"Premiere vision 21 &gt; 24 September 2021 - H\u00f4tel Beaubourg\" \/>\n<meta property=\"og:description\" content=\"The leading show for the upstream creative fashion industry, which Anticipates the zeitgeist, trends and colors throughout the seasons Selects the best experts in materials and services to support you in your sourcing process Is...Read More\" \/>\n<meta property=\"og:url\" content=\"https:\/\/www.beaubourg-paris-hotel.com\/it\/2021\/09\/13\/premiere-vision-21-24-septembre-2021\/\" \/>\n<meta property=\"og:site_name\" content=\"H\u00f4tel Beaubourg\" \/>\n<meta property=\"article:published_time\" content=\"2021-09-13T09:24:45+00:00\" \/>\n<meta name=\"author\" content=\"Hotel-Beaubourg\" \/>\n<meta name=\"twitter:card\" content=\"summary_large_image\" \/>\n<meta name=\"twitter:label1\" content=\"Scritto da\" \/>\n\t<meta name=\"twitter:data1\" content=\"Hotel-Beaubourg\" \/>\n<script type=\"application\/ld+json\" class=\"yoast-schema-graph\">{\"@context\":\"https:\/\/schema.org\",\"@graph\":[{\"@type\":\"Article\",\"@id\":\"https:\/\/www.beaubourg-paris-hotel.com\/it\/2021\/09\/13\/premiere-vision-21-24-septembre-2021\/#article\",\"isPartOf\":{\"@id\":\"https:\/\/www.beaubourg-paris-hotel.com\/it\/2021\/09\/13\/premiere-vision-21-24-septembre-2021\/\"},\"author\":{\"name\":\"Hotel-Beaubourg\",\"@id\":\"https:\/\/www.beaubourg-paris-hotel.com\/it\/#\/schema\/person\/cc8b7216c6385078dd5e042562bf183b\"},\"headline\":\"Premiere vision 21 > 24 September 2021\",\"datePublished\":\"2021-09-13T09:24:45+00:00\",\"mainEntityOfPage\":{\"@id\":\"https:\/\/www.beaubourg-paris-hotel.com\/it\/2021\/09\/13\/premiere-vision-21-24-septembre-2021\/\"},\"wordCount\":66,\"articleSection\":[\"actualites\"],\"inLanguage\":\"it-IT\"},{\"@type\":\"WebPage\",\"@id\":\"https:\/\/www.beaubourg-paris-hotel.com\/it\/2021\/09\/13\/premiere-vision-21-24-septembre-2021\/\",\"url\":\"https:\/\/www.beaubourg-paris-hotel.com\/it\/2021\/09\/13\/premiere-vision-21-24-septembre-2021\/\",\"name\":\"Premiere vision 21 > 24 September 2021 - H\u00f4tel Beaubourg\",\"isPartOf\":{\"@id\":\"https:\/\/www.beaubourg-paris-hotel.com\/it\/#website\"},\"datePublished\":\"2021-09-13T09:24:45+00:00\",\"author\":{\"@id\":\"https:\/\/www.beaubourg-paris-hotel.com\/it\/#\/schema\/person\/cc8b7216c6385078dd5e042562bf183b\"},\"breadcrumb\":{\"@id\":\"https:\/\/www.beaubourg-paris-hotel.com\/it\/2021\/09\/13\/premiere-vision-21-24-septembre-2021\/#breadcrumb\"},\"inLanguage\":\"it-IT\",\"potentialAction\":[{\"@type\":\"ReadAction\",\"target\":[\"https:\/\/www.beaubourg-paris-hotel.com\/it\/2021\/09\/13\/premiere-vision-21-24-septembre-2021\/\"]}]},{\"@type\":\"BreadcrumbList\",\"@id\":\"https:\/\/www.beaubourg-paris-hotel.com\/it\/2021\/09\/13\/premiere-vision-21-24-septembre-2021\/#breadcrumb\",\"itemListElement\":[{\"@type\":\"ListItem\",\"position\":1,\"name\":\"Accueil\",\"item\":\"https:\/\/www.beaubourg-paris-hotel.com\/it\/\"},{\"@type\":\"ListItem\",\"position\":2,\"name\":\"Premiere vision 21 > 24 September 2021\"}]},{\"@type\":\"WebSite\",\"@id\":\"https:\/\/www.beaubourg-paris-hotel.com\/it\/#website\",\"url\":\"https:\/\/www.beaubourg-paris-hotel.com\/it\/\",\"name\":\"H\u00f4tel Beaubourg\",\"description\":\"H\u00f4tel 3 \u00e9toiles de charme, Paris Centre.\",\"potentialAction\":[{\"@type\":\"SearchAction\",\"target\":{\"@type\":\"EntryPoint\",\"urlTemplate\":\"https:\/\/www.beaubourg-paris-hotel.com\/it\/?s={search_term_string}\"},\"query-input\":{\"@type\":\"PropertyValueSpecification\",\"valueRequired\":true,\"valueName\":\"search_term_string\"}}],\"inLanguage\":\"it-IT\"},{\"@type\":\"Person\",\"@id\":\"https:\/\/www.beaubourg-paris-hotel.com\/it\/#\/schema\/person\/cc8b7216c6385078dd5e042562bf183b\",\"name\":\"Hotel-Beaubourg\",\"image\":{\"@type\":\"ImageObject\",\"inLanguage\":\"it-IT\",\"@id\":\"https:\/\/www.beaubourg-paris-hotel.com\/it\/#\/schema\/person\/image\/\",\"url\":\"https:\/\/secure.gravatar.com\/avatar\/842fe86f8fa77164ecb3108ec37dabcb0396b62d74f78e4e665915826809d095?s=96&d=mm&r=g\",\"contentUrl\":\"https:\/\/secure.gravatar.com\/avatar\/842fe86f8fa77164ecb3108ec37dabcb0396b62d74f78e4e665915826809d095?s=96&d=mm&r=g\",\"caption\":\"Hotel-Beaubourg\"}}]}<\/script>","yoast_head_json":{"title":"Premiere vision 21 > 24 September 2021 - H\u00f4tel Beaubourg","robots":{"index":"index","follow":"follow","max-snippet":"max-snippet:-1","max-image-preview":"max-image-preview:large","max-video-preview":"max-video-preview:-1"},"canonical":"https:\/\/www.beaubourg-paris-hotel.com\/it\/2021\/09\/13\/premiere-vision-21-24-septembre-2021\/","og_locale":"it_IT","og_type":"article","og_title":"Premiere vision 21 > 24 September 2021 - H\u00f4tel Beaubourg","og_description":"The leading show for the upstream creative fashion industry, which Anticipates the zeitgeist, trends and colors throughout the seasons Selects the best experts in materials and services to support you in your sourcing process Is...Read More","og_url":"https:\/\/www.beaubourg-paris-hotel.com\/it\/2021\/09\/13\/premiere-vision-21-24-septembre-2021\/","og_site_name":"H\u00f4tel Beaubourg","article_published_time":"2021-09-13T09:24:45+00:00","author":"Hotel-Beaubourg","twitter_card":"summary_large_image","twitter_misc":{"Scritto da":"Hotel-Beaubourg"},"schema":{"@context":"https:\/\/schema.org","@graph":[{"@type":"Article","@id":"https:\/\/www.beaubourg-paris-hotel.com\/it\/2021\/09\/13\/premiere-vision-21-24-septembre-2021\/#article","isPartOf":{"@id":"https:\/\/www.beaubourg-paris-hotel.com\/it\/2021\/09\/13\/premiere-vision-21-24-septembre-2021\/"},"author":{"name":"Hotel-Beaubourg","@id":"https:\/\/www.beaubourg-paris-hotel.com\/it\/#\/schema\/person\/cc8b7216c6385078dd5e042562bf183b"},"headline":"Premiere vision 21 > 24 September 2021","datePublished":"2021-09-13T09:24:45+00:00","mainEntityOfPage":{"@id":"https:\/\/www.beaubourg-paris-hotel.com\/it\/2021\/09\/13\/premiere-vision-21-24-septembre-2021\/"},"wordCount":66,"articleSection":["actualites"],"inLanguage":"it-IT"},{"@type":"WebPage","@id":"https:\/\/www.beaubourg-paris-hotel.com\/it\/2021\/09\/13\/premiere-vision-21-24-septembre-2021\/","url":"https:\/\/www.beaubourg-paris-hotel.com\/it\/2021\/09\/13\/premiere-vision-21-24-septembre-2021\/","name":"Premiere vision 21 > 24 September 2021 - H\u00f4tel Beaubourg","isPartOf":{"@id":"https:\/\/www.beaubourg-paris-hotel.com\/it\/#website"},"datePublished":"2021-09-13T09:24:45+00:00","author":{"@id":"https:\/\/www.beaubourg-paris-hotel.com\/it\/#\/schema\/person\/cc8b7216c6385078dd5e042562bf183b"},"breadcrumb":{"@id":"https:\/\/www.beaubourg-paris-hotel.com\/it\/2021\/09\/13\/premiere-vision-21-24-septembre-2021\/#breadcrumb"},"inLanguage":"it-IT","potentialAction":[{"@type":"ReadAction","target":["https:\/\/www.beaubourg-paris-hotel.com\/it\/2021\/09\/13\/premiere-vision-21-24-septembre-2021\/"]}]},{"@type":"BreadcrumbList","@id":"https:\/\/www.beaubourg-paris-hotel.com\/it\/2021\/09\/13\/premiere-vision-21-24-septembre-2021\/#breadcrumb","itemListElement":[{"@type":"ListItem","position":1,"name":"Accueil","item":"https:\/\/www.beaubourg-paris-hotel.com\/it\/"},{"@type":"ListItem","position":2,"name":"Premiere vision 21 > 24 September 2021"}]},{"@type":"WebSite","@id":"https:\/\/www.beaubourg-paris-hotel.com\/it\/#website","url":"https:\/\/www.beaubourg-paris-hotel.com\/it\/","name":"H\u00f4tel Beaubourg","description":"H\u00f4tel 3 \u00e9toiles de charme, Paris Centre.","potentialAction":[{"@type":"SearchAction","target":{"@type":"EntryPoint","urlTemplate":"https:\/\/www.beaubourg-paris-hotel.com\/it\/?s={search_term_string}"},"query-input":{"@type":"PropertyValueSpecification","valueRequired":true,"valueName":"search_term_string"}}],"inLanguage":"it-IT"},{"@type":"Person","@id":"https:\/\/www.beaubourg-paris-hotel.com\/it\/#\/schema\/person\/cc8b7216c6385078dd5e042562bf183b","name":"Hotel-Beaubourg","image":{"@type":"ImageObject","inLanguage":"it-IT","@id":"https:\/\/www.beaubourg-paris-hotel.com\/it\/#\/schema\/person\/image\/","url":"https:\/\/secure.gravatar.com\/avatar\/842fe86f8fa77164ecb3108ec37dabcb0396b62d74f78e4e665915826809d095?s=96&d=mm&r=g","contentUrl":"https:\/\/secure.gravatar.com\/avatar\/842fe86f8fa77164ecb3108ec37dabcb0396b62d74f78e4e665915826809d095?s=96&d=mm&r=g","caption":"Hotel-Beaubourg"}}]}},"_links":{"self":[{"href":"https:\/\/www.beaubourg-paris-hotel.com\/it\/wp-json\/wp\/v2\/posts\/20144","targetHints":{"allow":["GET"]}}],"collection":[{"href":"https:\/\/www.beaubourg-paris-hotel.com\/it\/wp-json\/wp\/v2\/posts"}],"about":[{"href":"https:\/\/www.beaubourg-paris-hotel.com\/it\/wp-json\/wp\/v2\/types\/post"}],"author":[{"embeddable":true,"href":"https:\/\/www.beaubourg-paris-hotel.com\/it\/wp-json\/wp\/v2\/users\/1"}],"replies":[{"embeddable":true,"href":"https:\/\/www.beaubourg-paris-hotel.com\/it\/wp-json\/wp\/v2\/comments?post=20144"}],"version-history":[{"count":0,"href":"https:\/\/www.beaubourg-paris-hotel.com\/it\/wp-json\/wp\/v2\/posts\/20144\/revisions"}],"wp:attachment":[{"href":"https:\/\/www.beaubourg-paris-hotel.com\/it\/wp-json\/wp\/v2\/media?parent=20144"}],"wp:term":[{"taxonomy":"category","embeddable":true,"href":"https:\/\/www.beaubourg-paris-hotel.com\/it\/wp-json\/wp\/v2\/categories?post=20144"},{"taxonomy":"post_tag","embeddable":true,"href":"https:\/\/www.beaubourg-paris-hotel.com\/it\/wp-json\/wp\/v2\/tags?post=20144"}],"curies":[{"name":"wp","href":"https:\/\/api.w.org\/{rel}","templated":true}]}}