{"id":22626,"date":"2026-01-21T12:13:35","date_gmt":"2026-01-21T11:13:35","guid":{"rendered":"https:\/\/www.beaubourg-paris-hotel.com\/2026\/01\/21\/%f0%9f%96%bc%ef%b8%8f-un-art-total-dessins-de-la-secession-viennoise-musee-dorsay\/"},"modified":"2026-01-21T12:13:35","modified_gmt":"2026-01-21T11:13:35","slug":"%f0%9f%96%bc%ef%b8%8f-un-art-total-dessins-de-la-secession-viennoise-musee-dorsay","status":"publish","type":"post","link":"https:\/\/www.beaubourg-paris-hotel.com\/es\/2026\/01\/21\/%f0%9f%96%bc%ef%b8%8f-un-art-total-dessins-de-la-secession-viennoise-musee-dorsay\/","title":{"rendered":"\ud83d\uddbc\ufe0f  Un art total : Dessins de la S\u00e9cession viennoise \u2013 Mus\u00e9e d\u2019Orsay"},"content":{"rendered":"<h2 data-start=\"3454\" data-end=\"3536\">\ud83d\uddbc\ufe0f <strong data-start=\"3461\" data-end=\"3534\"><em data-start=\"3466\" data-end=\"3516\">Un art total : Dessins de la S\u00e9cession viennoise<\/em> \u2013 Mus\u00e9e d\u2019Orsay<\/strong><\/h2>\n<p data-start=\"3537\" data-end=\"3967\"><strong data-start=\"3537\" data-end=\"3548\">Dates :<\/strong> \u00c0 partir du 27 janvier 2026<br data-start=\"3576\" data-end=\"3579\" \/><strong data-start=\"3579\" data-end=\"3589\">Lieu :<\/strong> Mus\u00e9e d\u2019Orsay, Paris<br data-start=\"3610\" data-end=\"3613\" \/><strong data-start=\"3613\" data-end=\"3635\">Description (FR) :<\/strong> Une exploration approfondie des dessins li\u00e9s \u00e0 la S\u00e9cession viennoise, mouvement artistique majeur du tournant du XX\u1d49 si\u00e8cle, r\u00e9unissant des \u0153uvres rares et d\u00e9licates. <br data-start=\"3843\" data-end=\"3846\" \/><strong data-start=\"3846\" data-end=\"3856\">Lien :<\/strong> <a class=\"decorated-link\" href=\"https:\/\/www.exposition-paris.info\/meilleures-expos-paris-janvier-2026\/?utm_source=chatgpt.com\" target=\"_new\" rel=\"noopener\" data-start=\"3857\" data-end=\"3927\">https:\/\/www.exposition-paris.info\/meilleures-expos-paris-janvier-2026\/<\/a><\/p>\n<p data-start=\"3969\" data-end=\"4461\"><strong data-start=\"3969\" data-end=\"4042\">\ud83d\uddbc\ufe0f <em data-start=\"3975\" data-end=\"4024\">A Total Art: Drawings of the Viennese Secession<\/em> \u2013 Mus\u00e9e d\u2019Orsay<\/strong><br data-start=\"4042\" data-end=\"4045\" \/><strong data-start=\"4045\" data-end=\"4055\">Dates:<\/strong> From January 27, 2026<br data-start=\"4077\" data-end=\"4080\" \/><strong data-start=\"4080\" data-end=\"4090\">Venue:<\/strong> Mus\u00e9e d\u2019Orsay, Paris<br data-start=\"4111\" data-end=\"4114\" \/><strong data-start=\"4114\" data-end=\"4135\">Description (EN):<\/strong> An in-depth showcase of drawings associated with the Viennese Secession, a major art movement at the turn of the 20th century, featuring rare and intricate works. <br data-start=\"4338\" data-end=\"4341\" \/><strong data-start=\"4341\" data-end=\"4350\">Link:<\/strong> <a class=\"decorated-link\" href=\"https:\/\/www.exposition-paris.info\/meilleures-expos-paris-janvier-2026\/?utm_source=chatgpt.com\" target=\"_new\" rel=\"noopener\" data-start=\"4351\" data-end=\"4421\">https:\/\/www.exposition-paris.info\/meilleures-expos-paris-janvier-2026\/<\/a><\/p>\n","protected":false},"excerpt":{"rendered":"<p>\ud83d\uddbc\ufe0f Un art total : Dessins de la S\u00e9cession viennoise \u2013 Mus\u00e9e d\u2019Orsay Dates : \u00c0 partir du 27 janvier 2026Lieu : Mus\u00e9e d\u2019Orsay, ParisDescription (FR) : Une exploration approfondie des dessins li\u00e9s \u00e0 la&#8230;<\/p>\n<div class=\"read-more-container\"><a class=\"more-link btn btn-default btn-sm read-more\" href=\"https:\/\/www.beaubourg-paris-hotel.com\/es\/2026\/01\/21\/%f0%9f%96%bc%ef%b8%8f-un-art-total-dessins-de-la-secession-viennoise-musee-dorsay\/\">Read More<\/a><\/div>\n","protected":false},"author":1,"featured_media":0,"comment_status":"closed","ping_status":"closed","sticky":false,"template":"","format":"standard","meta":{"footnotes":""},"categories":[203],"tags":[],"class_list":["post-22626","post","type-post","status-publish","format-standard","hentry","category-actualites-es"],"yoast_head":"<title>\ud83d\uddbc\ufe0f Un art total : Dessins de la S\u00e9cession viennoise \u2013 Mus\u00e9e d\u2019Orsay - H\u00f4tel Beaubourg<\/title>\n<meta name=\"robots\" content=\"index, follow, max-snippet:-1, max-image-preview:large, max-video-preview:-1\" \/>\n<link rel=\"canonical\" href=\"https:\/\/www.beaubourg-paris-hotel.com\/es\/2026\/01\/21\/\ud83d\uddbc\ufe0f-un-art-total-dessins-de-la-secession-viennoise-musee-dorsay\/\" \/>\n<meta property=\"og:locale\" content=\"es_ES\" \/>\n<meta property=\"og:type\" content=\"article\" \/>\n<meta property=\"og:title\" content=\"\ud83d\uddbc\ufe0f Un art total : Dessins de la S\u00e9cession viennoise \u2013 Mus\u00e9e d\u2019Orsay - H\u00f4tel Beaubourg\" \/>\n<meta property=\"og:description\" content=\"\ud83d\uddbc\ufe0f Un art total : Dessins de la S\u00e9cession viennoise \u2013 Mus\u00e9e d\u2019Orsay Dates : \u00c0 partir du 27 janvier 2026Lieu : Mus\u00e9e d\u2019Orsay, ParisDescription (FR) : Une exploration approfondie des dessins li\u00e9s \u00e0 la...Read More\" \/>\n<meta property=\"og:url\" content=\"https:\/\/www.beaubourg-paris-hotel.com\/es\/2026\/01\/21\/\ud83d\uddbc\ufe0f-un-art-total-dessins-de-la-secession-viennoise-musee-dorsay\/\" \/>\n<meta property=\"og:site_name\" content=\"H\u00f4tel Beaubourg\" \/>\n<meta property=\"article:published_time\" content=\"2026-01-21T11:13:35+00:00\" \/>\n<meta name=\"author\" content=\"Hotel-Beaubourg\" \/>\n<meta name=\"twitter:card\" content=\"summary_large_image\" \/>\n<meta name=\"twitter:label1\" content=\"Escrito por\" \/>\n\t<meta name=\"twitter:data1\" content=\"Hotel-Beaubourg\" \/>\n\t<meta name=\"twitter:label2\" content=\"Tiempo de lectura\" \/>\n\t<meta name=\"twitter:data2\" content=\"1 minuto\" \/>\n<script type=\"application\/ld+json\" class=\"yoast-schema-graph\">{\"@context\":\"https:\/\/schema.org\",\"@graph\":[{\"@type\":\"Article\",\"@id\":\"https:\/\/www.beaubourg-paris-hotel.com\/es\/2026\/01\/21\/%f0%9f%96%bc%ef%b8%8f-un-art-total-dessins-de-la-secession-viennoise-musee-dorsay\/#article\",\"isPartOf\":{\"@id\":\"https:\/\/www.beaubourg-paris-hotel.com\/es\/2026\/01\/21\/%f0%9f%96%bc%ef%b8%8f-un-art-total-dessins-de-la-secession-viennoise-musee-dorsay\/\"},\"author\":{\"name\":\"Hotel-Beaubourg\",\"@id\":\"https:\/\/www.beaubourg-paris-hotel.com\/it\/#\/schema\/person\/cc8b7216c6385078dd5e042562bf183b\"},\"headline\":\"\ud83d\uddbc\ufe0f Un art total : Dessins de la S\u00e9cession viennoise \u2013 Mus\u00e9e d\u2019Orsay\",\"datePublished\":\"2026-01-21T11:13:35+00:00\",\"mainEntityOfPage\":{\"@id\":\"https:\/\/www.beaubourg-paris-hotel.com\/es\/2026\/01\/21\/%f0%9f%96%bc%ef%b8%8f-un-art-total-dessins-de-la-secession-viennoise-musee-dorsay\/\"},\"wordCount\":127,\"articleSection\":[\"actualites\"],\"inLanguage\":\"es\"},{\"@type\":\"WebPage\",\"@id\":\"https:\/\/www.beaubourg-paris-hotel.com\/es\/2026\/01\/21\/%f0%9f%96%bc%ef%b8%8f-un-art-total-dessins-de-la-secession-viennoise-musee-dorsay\/\",\"url\":\"https:\/\/www.beaubourg-paris-hotel.com\/es\/2026\/01\/21\/%f0%9f%96%bc%ef%b8%8f-un-art-total-dessins-de-la-secession-viennoise-musee-dorsay\/\",\"name\":\"\ud83d\uddbc\ufe0f Un art total : Dessins de la S\u00e9cession viennoise \u2013 Mus\u00e9e d\u2019Orsay - H\u00f4tel Beaubourg\",\"isPartOf\":{\"@id\":\"https:\/\/www.beaubourg-paris-hotel.com\/it\/#website\"},\"datePublished\":\"2026-01-21T11:13:35+00:00\",\"author\":{\"@id\":\"https:\/\/www.beaubourg-paris-hotel.com\/it\/#\/schema\/person\/cc8b7216c6385078dd5e042562bf183b\"},\"breadcrumb\":{\"@id\":\"https:\/\/www.beaubourg-paris-hotel.com\/es\/2026\/01\/21\/%f0%9f%96%bc%ef%b8%8f-un-art-total-dessins-de-la-secession-viennoise-musee-dorsay\/#breadcrumb\"},\"inLanguage\":\"es\",\"potentialAction\":[{\"@type\":\"ReadAction\",\"target\":[\"https:\/\/www.beaubourg-paris-hotel.com\/es\/2026\/01\/21\/%f0%9f%96%bc%ef%b8%8f-un-art-total-dessins-de-la-secession-viennoise-musee-dorsay\/\"]}]},{\"@type\":\"BreadcrumbList\",\"@id\":\"https:\/\/www.beaubourg-paris-hotel.com\/es\/2026\/01\/21\/%f0%9f%96%bc%ef%b8%8f-un-art-total-dessins-de-la-secession-viennoise-musee-dorsay\/#breadcrumb\",\"itemListElement\":[{\"@type\":\"ListItem\",\"position\":1,\"name\":\"Accueil\",\"item\":\"https:\/\/www.beaubourg-paris-hotel.com\/es\/\"},{\"@type\":\"ListItem\",\"position\":2,\"name\":\"\ud83d\uddbc\ufe0f Un art total : Dessins de la S\u00e9cession viennoise \u2013 Mus\u00e9e d\u2019Orsay\"}]},{\"@type\":\"WebSite\",\"@id\":\"https:\/\/www.beaubourg-paris-hotel.com\/it\/#website\",\"url\":\"https:\/\/www.beaubourg-paris-hotel.com\/it\/\",\"name\":\"H\u00f4tel Beaubourg\",\"description\":\"H\u00f4tel 3 \u00e9toiles de charme, Paris Centre.\",\"potentialAction\":[{\"@type\":\"SearchAction\",\"target\":{\"@type\":\"EntryPoint\",\"urlTemplate\":\"https:\/\/www.beaubourg-paris-hotel.com\/it\/?s={search_term_string}\"},\"query-input\":{\"@type\":\"PropertyValueSpecification\",\"valueRequired\":true,\"valueName\":\"search_term_string\"}}],\"inLanguage\":\"es\"},{\"@type\":\"Person\",\"@id\":\"https:\/\/www.beaubourg-paris-hotel.com\/it\/#\/schema\/person\/cc8b7216c6385078dd5e042562bf183b\",\"name\":\"Hotel-Beaubourg\",\"image\":{\"@type\":\"ImageObject\",\"inLanguage\":\"es\",\"@id\":\"https:\/\/www.beaubourg-paris-hotel.com\/it\/#\/schema\/person\/image\/\",\"url\":\"https:\/\/secure.gravatar.com\/avatar\/842fe86f8fa77164ecb3108ec37dabcb0396b62d74f78e4e665915826809d095?s=96&d=mm&r=g\",\"contentUrl\":\"https:\/\/secure.gravatar.com\/avatar\/842fe86f8fa77164ecb3108ec37dabcb0396b62d74f78e4e665915826809d095?s=96&d=mm&r=g\",\"caption\":\"Hotel-Beaubourg\"}}]}<\/script>","yoast_head_json":{"title":"\ud83d\uddbc\ufe0f Un art total : Dessins de la S\u00e9cession viennoise \u2013 Mus\u00e9e d\u2019Orsay - H\u00f4tel Beaubourg","robots":{"index":"index","follow":"follow","max-snippet":"max-snippet:-1","max-image-preview":"max-image-preview:large","max-video-preview":"max-video-preview:-1"},"canonical":"https:\/\/www.beaubourg-paris-hotel.com\/es\/2026\/01\/21\/\ud83d\uddbc\ufe0f-un-art-total-dessins-de-la-secession-viennoise-musee-dorsay\/","og_locale":"es_ES","og_type":"article","og_title":"\ud83d\uddbc\ufe0f Un art total : Dessins de la S\u00e9cession viennoise \u2013 Mus\u00e9e d\u2019Orsay - H\u00f4tel Beaubourg","og_description":"\ud83d\uddbc\ufe0f Un art total : Dessins de la S\u00e9cession viennoise \u2013 Mus\u00e9e d\u2019Orsay Dates : \u00c0 partir du 27 janvier 2026Lieu : Mus\u00e9e d\u2019Orsay, ParisDescription (FR) : Une exploration approfondie des dessins li\u00e9s \u00e0 la...Read More","og_url":"https:\/\/www.beaubourg-paris-hotel.com\/es\/2026\/01\/21\/\ud83d\uddbc\ufe0f-un-art-total-dessins-de-la-secession-viennoise-musee-dorsay\/","og_site_name":"H\u00f4tel Beaubourg","article_published_time":"2026-01-21T11:13:35+00:00","author":"Hotel-Beaubourg","twitter_card":"summary_large_image","twitter_misc":{"Escrito por":"Hotel-Beaubourg","Tiempo de lectura":"1 minuto"},"schema":{"@context":"https:\/\/schema.org","@graph":[{"@type":"Article","@id":"https:\/\/www.beaubourg-paris-hotel.com\/es\/2026\/01\/21\/%f0%9f%96%bc%ef%b8%8f-un-art-total-dessins-de-la-secession-viennoise-musee-dorsay\/#article","isPartOf":{"@id":"https:\/\/www.beaubourg-paris-hotel.com\/es\/2026\/01\/21\/%f0%9f%96%bc%ef%b8%8f-un-art-total-dessins-de-la-secession-viennoise-musee-dorsay\/"},"author":{"name":"Hotel-Beaubourg","@id":"https:\/\/www.beaubourg-paris-hotel.com\/it\/#\/schema\/person\/cc8b7216c6385078dd5e042562bf183b"},"headline":"\ud83d\uddbc\ufe0f Un art total : Dessins de la S\u00e9cession viennoise \u2013 Mus\u00e9e d\u2019Orsay","datePublished":"2026-01-21T11:13:35+00:00","mainEntityOfPage":{"@id":"https:\/\/www.beaubourg-paris-hotel.com\/es\/2026\/01\/21\/%f0%9f%96%bc%ef%b8%8f-un-art-total-dessins-de-la-secession-viennoise-musee-dorsay\/"},"wordCount":127,"articleSection":["actualites"],"inLanguage":"es"},{"@type":"WebPage","@id":"https:\/\/www.beaubourg-paris-hotel.com\/es\/2026\/01\/21\/%f0%9f%96%bc%ef%b8%8f-un-art-total-dessins-de-la-secession-viennoise-musee-dorsay\/","url":"https:\/\/www.beaubourg-paris-hotel.com\/es\/2026\/01\/21\/%f0%9f%96%bc%ef%b8%8f-un-art-total-dessins-de-la-secession-viennoise-musee-dorsay\/","name":"\ud83d\uddbc\ufe0f Un art total : Dessins de la S\u00e9cession viennoise \u2013 Mus\u00e9e d\u2019Orsay - H\u00f4tel Beaubourg","isPartOf":{"@id":"https:\/\/www.beaubourg-paris-hotel.com\/it\/#website"},"datePublished":"2026-01-21T11:13:35+00:00","author":{"@id":"https:\/\/www.beaubourg-paris-hotel.com\/it\/#\/schema\/person\/cc8b7216c6385078dd5e042562bf183b"},"breadcrumb":{"@id":"https:\/\/www.beaubourg-paris-hotel.com\/es\/2026\/01\/21\/%f0%9f%96%bc%ef%b8%8f-un-art-total-dessins-de-la-secession-viennoise-musee-dorsay\/#breadcrumb"},"inLanguage":"es","potentialAction":[{"@type":"ReadAction","target":["https:\/\/www.beaubourg-paris-hotel.com\/es\/2026\/01\/21\/%f0%9f%96%bc%ef%b8%8f-un-art-total-dessins-de-la-secession-viennoise-musee-dorsay\/"]}]},{"@type":"BreadcrumbList","@id":"https:\/\/www.beaubourg-paris-hotel.com\/es\/2026\/01\/21\/%f0%9f%96%bc%ef%b8%8f-un-art-total-dessins-de-la-secession-viennoise-musee-dorsay\/#breadcrumb","itemListElement":[{"@type":"ListItem","position":1,"name":"Accueil","item":"https:\/\/www.beaubourg-paris-hotel.com\/es\/"},{"@type":"ListItem","position":2,"name":"\ud83d\uddbc\ufe0f Un art total : Dessins de la S\u00e9cession viennoise \u2013 Mus\u00e9e d\u2019Orsay"}]},{"@type":"WebSite","@id":"https:\/\/www.beaubourg-paris-hotel.com\/it\/#website","url":"https:\/\/www.beaubourg-paris-hotel.com\/it\/","name":"H\u00f4tel Beaubourg","description":"H\u00f4tel 3 \u00e9toiles de charme, Paris Centre.","potentialAction":[{"@type":"SearchAction","target":{"@type":"EntryPoint","urlTemplate":"https:\/\/www.beaubourg-paris-hotel.com\/it\/?s={search_term_string}"},"query-input":{"@type":"PropertyValueSpecification","valueRequired":true,"valueName":"search_term_string"}}],"inLanguage":"es"},{"@type":"Person","@id":"https:\/\/www.beaubourg-paris-hotel.com\/it\/#\/schema\/person\/cc8b7216c6385078dd5e042562bf183b","name":"Hotel-Beaubourg","image":{"@type":"ImageObject","inLanguage":"es","@id":"https:\/\/www.beaubourg-paris-hotel.com\/it\/#\/schema\/person\/image\/","url":"https:\/\/secure.gravatar.com\/avatar\/842fe86f8fa77164ecb3108ec37dabcb0396b62d74f78e4e665915826809d095?s=96&d=mm&r=g","contentUrl":"https:\/\/secure.gravatar.com\/avatar\/842fe86f8fa77164ecb3108ec37dabcb0396b62d74f78e4e665915826809d095?s=96&d=mm&r=g","caption":"Hotel-Beaubourg"}}]}},"_links":{"self":[{"href":"https:\/\/www.beaubourg-paris-hotel.com\/es\/wp-json\/wp\/v2\/posts\/22626","targetHints":{"allow":["GET"]}}],"collection":[{"href":"https:\/\/www.beaubourg-paris-hotel.com\/es\/wp-json\/wp\/v2\/posts"}],"about":[{"href":"https:\/\/www.beaubourg-paris-hotel.com\/es\/wp-json\/wp\/v2\/types\/post"}],"author":[{"embeddable":true,"href":"https:\/\/www.beaubourg-paris-hotel.com\/es\/wp-json\/wp\/v2\/users\/1"}],"replies":[{"embeddable":true,"href":"https:\/\/www.beaubourg-paris-hotel.com\/es\/wp-json\/wp\/v2\/comments?post=22626"}],"version-history":[{"count":0,"href":"https:\/\/www.beaubourg-paris-hotel.com\/es\/wp-json\/wp\/v2\/posts\/22626\/revisions"}],"wp:attachment":[{"href":"https:\/\/www.beaubourg-paris-hotel.com\/es\/wp-json\/wp\/v2\/media?parent=22626"}],"wp:term":[{"taxonomy":"category","embeddable":true,"href":"https:\/\/www.beaubourg-paris-hotel.com\/es\/wp-json\/wp\/v2\/categories?post=22626"},{"taxonomy":"post_tag","embeddable":true,"href":"https:\/\/www.beaubourg-paris-hotel.com\/es\/wp-json\/wp\/v2\/tags?post=22626"}],"curies":[{"name":"wp","href":"https:\/\/api.w.org\/{rel}","templated":true}]}}