{"id":22194,"date":"2025-05-23T12:04:53","date_gmt":"2025-05-23T10:04:53","guid":{"rendered":"https:\/\/www.beaubourg-paris-hotel.com\/2025\/05\/23\/%f0%9f%91%97-paris-fashion-week-mode-feminine\/"},"modified":"2025-05-23T12:04:53","modified_gmt":"2025-05-23T10:04:53","slug":"%f0%9f%91%97-paris-fashion-week-mode-feminine","status":"publish","type":"post","link":"https:\/\/www.beaubourg-paris-hotel.com\/es\/2025\/05\/23\/%f0%9f%91%97-paris-fashion-week-mode-feminine\/","title":{"rendered":"\ud83d\udc57 Paris Fashion Week \u2013 Mode f\u00e9minine"},"content":{"rendered":"<h3 data-start=\"1280\" data-end=\"1327\">\ud83d\udc57 <strong data-start=\"1287\" data-end=\"1325\">Paris Fashion Week \u2013 Mode f\u00e9minine<\/strong><\/h3>\n<p data-start=\"1328\" data-end=\"1595\"><strong data-start=\"1328\" data-end=\"1339\">Dates :<\/strong> 22\u201330 septembre 2025<br data-start=\"1360\" data-end=\"1363\" \/><strong data-start=\"1363\" data-end=\"1373\">Lieu :<\/strong> Divers lieux \u00e0 Paris<br data-start=\"1394\" data-end=\"1397\" \/><strong data-start=\"1397\" data-end=\"1414\">Description :<\/strong> <span class=\"relative -mx-px my-[-0.2rem] rounded px-px py-[0.2rem] transition-colors duration-100 ease-in-out\">D\u00e9fil\u00e9s de haute couture et \u00e9v\u00e9nements exclusifs dans la capitale de la mode.<\/span><br data-start=\"1454\" data-end=\"1457\" \/><strong data-start=\"1457\" data-end=\"1467\">Lien :<\/strong> <a class=\"cursor-pointer\" target=\"_new\" rel=\"noopener\" data-start=\"1468\" data-end=\"1556\">Paris Discovery Guide<\/a><span class=\"ms-1 inline-flex max-w-full items-center relative top-[-0.094rem] animate-[show_150ms_ease-in]\"><a class=\"flex h-4.5 overflow-hidden rounded-xl px-2 text-[0.5625em] font-medium text-token-text-secondary! bg-[#F4F4F4]! dark:bg-[#303030]! transition-colors duration-150 ease-in-out\" href=\"https:\/\/www.sortiraparis.com\/en\/what-to-visit-in-paris\/exhibit-museum\/guides\/55341-exhibitions-in-paris-in-september-2025-not-to-be-missed-art-events?utm_source=chatgpt.com\" target=\"_blank\" rel=\"noopener\"><span class=\"relative start-0 bottom-0 flex h-full w-full items-center\"><span class=\"flex h-4 w-full items-center justify-between overflow-hidden\"><span class=\"max-w-full grow truncate overflow-hidden text-center\">Sortir \u00e0 Paris<\/span><\/span><\/span><\/a><\/span><\/p>\n<p data-start=\"1597\" data-end=\"1914\"><strong data-start=\"1597\" data-end=\"1640\">\ud83d\udc57 Paris Fashion Week \u2013 Women&#8217;s Fashion<\/strong><br data-start=\"1640\" data-end=\"1643\" \/><strong data-start=\"1643\" data-end=\"1653\">Dates:<\/strong> September 22\u201330, 2025<br data-start=\"1675\" data-end=\"1678\" \/><strong data-start=\"1678\" data-end=\"1688\">Venue:<\/strong> Various locations in Paris<br data-start=\"1715\" data-end=\"1718\" \/><strong data-start=\"1718\" data-end=\"1734\">Description:<\/strong> <span class=\"relative -mx-px my-[-0.2rem] rounded px-px py-[0.2rem] transition-colors duration-100 ease-in-out\">Haute couture shows and exclusive events in the fashion capital.<\/span><br data-start=\"1774\" data-end=\"1777\" \/><strong data-start=\"1777\" data-end=\"1786\">Link:<\/strong> \u00a0<a class=\"cursor-pointer\" target=\"_new\" rel=\"noopener\" data-start=\"1468\" data-end=\"1556\">Paris Discovery Guide<\/a><span class=\"ms-1 inline-flex max-w-full items-center relative top-[-0.094rem] animate-[show_150ms_ease-in]\"><a class=\"flex h-4.5 overflow-hidden rounded-xl px-2 text-[0.5625em] font-medium text-token-text-secondary! bg-[#F4F4F4]! dark:bg-[#303030]! transition-colors duration-150 ease-in-out\" href=\"https:\/\/www.sortiraparis.com\/en\/what-to-visit-in-paris\/exhibit-museum\/guides\/55341-exhibitions-in-paris-in-september-2025-not-to-be-missed-art-events?utm_source=chatgpt.com\" target=\"_blank\" rel=\"noopener\"><span class=\"relative start-0 bottom-0 flex h-full w-full items-center\"><span class=\"flex h-4 w-full items-center justify-between overflow-hidden\"><span class=\"max-w-full grow truncate overflow-hidden text-center\">Sortir \u00e0 Paris<\/span><\/span><\/span><\/a><\/span><\/p>\n","protected":false},"excerpt":{"rendered":"<p>\ud83d\udc57 Paris Fashion Week \u2013 Mode f\u00e9minine Dates : 22\u201330 septembre 2025Lieu : Divers lieux \u00e0 ParisDescription : D\u00e9fil\u00e9s de haute couture et \u00e9v\u00e9nements exclusifs dans la capitale de la mode.Lien : Paris Discovery GuideSortir&#8230;<\/p>\n<div class=\"read-more-container\"><a class=\"more-link btn btn-default btn-sm read-more\" href=\"https:\/\/www.beaubourg-paris-hotel.com\/es\/2025\/05\/23\/%f0%9f%91%97-paris-fashion-week-mode-feminine\/\">Read More<\/a><\/div>\n","protected":false},"author":1,"featured_media":0,"comment_status":"closed","ping_status":"closed","sticky":false,"template":"","format":"standard","meta":{"footnotes":""},"categories":[203],"tags":[],"class_list":["post-22194","post","type-post","status-publish","format-standard","hentry","category-actualites-es"],"yoast_head":"<title>\ud83d\udc57 Paris Fashion Week \u2013 Mode f\u00e9minine - H\u00f4tel Beaubourg<\/title>\n<meta name=\"robots\" content=\"index, follow, max-snippet:-1, max-image-preview:large, max-video-preview:-1\" \/>\n<link rel=\"canonical\" href=\"https:\/\/www.beaubourg-paris-hotel.com\/es\/2025\/05\/23\/\ud83d\udc57-paris-fashion-week-mode-feminine\/\" \/>\n<meta property=\"og:locale\" content=\"es_ES\" \/>\n<meta property=\"og:type\" content=\"article\" \/>\n<meta property=\"og:title\" content=\"\ud83d\udc57 Paris Fashion Week \u2013 Mode f\u00e9minine - H\u00f4tel Beaubourg\" \/>\n<meta property=\"og:description\" content=\"\ud83d\udc57 Paris Fashion Week \u2013 Mode f\u00e9minine Dates : 22\u201330 septembre 2025Lieu : Divers lieux \u00e0 ParisDescription : D\u00e9fil\u00e9s de haute couture et \u00e9v\u00e9nements exclusifs dans la capitale de la mode.Lien : Paris Discovery GuideSortir...Read More\" \/>\n<meta property=\"og:url\" content=\"https:\/\/www.beaubourg-paris-hotel.com\/es\/2025\/05\/23\/\ud83d\udc57-paris-fashion-week-mode-feminine\/\" \/>\n<meta property=\"og:site_name\" content=\"H\u00f4tel Beaubourg\" \/>\n<meta property=\"article:published_time\" content=\"2025-05-23T10:04:53+00:00\" \/>\n<meta name=\"author\" content=\"Hotel-Beaubourg\" \/>\n<meta name=\"twitter:card\" content=\"summary_large_image\" \/>\n<meta name=\"twitter:label1\" content=\"Escrito por\" \/>\n\t<meta name=\"twitter:data1\" content=\"Hotel-Beaubourg\" \/>\n<script type=\"application\/ld+json\" class=\"yoast-schema-graph\">{\"@context\":\"https:\/\/schema.org\",\"@graph\":[{\"@type\":\"Article\",\"@id\":\"https:\/\/www.beaubourg-paris-hotel.com\/es\/2025\/05\/23\/%f0%9f%91%97-paris-fashion-week-mode-feminine\/#article\",\"isPartOf\":{\"@id\":\"https:\/\/www.beaubourg-paris-hotel.com\/es\/2025\/05\/23\/%f0%9f%91%97-paris-fashion-week-mode-feminine\/\"},\"author\":{\"name\":\"Hotel-Beaubourg\",\"@id\":\"https:\/\/www.beaubourg-paris-hotel.com\/it\/#\/schema\/person\/cc8b7216c6385078dd5e042562bf183b\"},\"headline\":\"\ud83d\udc57 Paris Fashion Week \u2013 Mode f\u00e9minine\",\"datePublished\":\"2025-05-23T10:04:53+00:00\",\"mainEntityOfPage\":{\"@id\":\"https:\/\/www.beaubourg-paris-hotel.com\/es\/2025\/05\/23\/%f0%9f%91%97-paris-fashion-week-mode-feminine\/\"},\"wordCount\":71,\"articleSection\":[\"actualites\"],\"inLanguage\":\"es\"},{\"@type\":\"WebPage\",\"@id\":\"https:\/\/www.beaubourg-paris-hotel.com\/es\/2025\/05\/23\/%f0%9f%91%97-paris-fashion-week-mode-feminine\/\",\"url\":\"https:\/\/www.beaubourg-paris-hotel.com\/es\/2025\/05\/23\/%f0%9f%91%97-paris-fashion-week-mode-feminine\/\",\"name\":\"\ud83d\udc57 Paris Fashion Week \u2013 Mode f\u00e9minine - H\u00f4tel Beaubourg\",\"isPartOf\":{\"@id\":\"https:\/\/www.beaubourg-paris-hotel.com\/it\/#website\"},\"datePublished\":\"2025-05-23T10:04:53+00:00\",\"author\":{\"@id\":\"https:\/\/www.beaubourg-paris-hotel.com\/it\/#\/schema\/person\/cc8b7216c6385078dd5e042562bf183b\"},\"breadcrumb\":{\"@id\":\"https:\/\/www.beaubourg-paris-hotel.com\/es\/2025\/05\/23\/%f0%9f%91%97-paris-fashion-week-mode-feminine\/#breadcrumb\"},\"inLanguage\":\"es\",\"potentialAction\":[{\"@type\":\"ReadAction\",\"target\":[\"https:\/\/www.beaubourg-paris-hotel.com\/es\/2025\/05\/23\/%f0%9f%91%97-paris-fashion-week-mode-feminine\/\"]}]},{\"@type\":\"BreadcrumbList\",\"@id\":\"https:\/\/www.beaubourg-paris-hotel.com\/es\/2025\/05\/23\/%f0%9f%91%97-paris-fashion-week-mode-feminine\/#breadcrumb\",\"itemListElement\":[{\"@type\":\"ListItem\",\"position\":1,\"name\":\"Accueil\",\"item\":\"https:\/\/www.beaubourg-paris-hotel.com\/es\/\"},{\"@type\":\"ListItem\",\"position\":2,\"name\":\"\ud83d\udc57 Paris Fashion Week \u2013 Mode f\u00e9minine\"}]},{\"@type\":\"WebSite\",\"@id\":\"https:\/\/www.beaubourg-paris-hotel.com\/it\/#website\",\"url\":\"https:\/\/www.beaubourg-paris-hotel.com\/it\/\",\"name\":\"H\u00f4tel Beaubourg\",\"description\":\"H\u00f4tel 3 \u00e9toiles de charme, Paris Centre.\",\"potentialAction\":[{\"@type\":\"SearchAction\",\"target\":{\"@type\":\"EntryPoint\",\"urlTemplate\":\"https:\/\/www.beaubourg-paris-hotel.com\/it\/?s={search_term_string}\"},\"query-input\":{\"@type\":\"PropertyValueSpecification\",\"valueRequired\":true,\"valueName\":\"search_term_string\"}}],\"inLanguage\":\"es\"},{\"@type\":\"Person\",\"@id\":\"https:\/\/www.beaubourg-paris-hotel.com\/it\/#\/schema\/person\/cc8b7216c6385078dd5e042562bf183b\",\"name\":\"Hotel-Beaubourg\",\"image\":{\"@type\":\"ImageObject\",\"inLanguage\":\"es\",\"@id\":\"https:\/\/www.beaubourg-paris-hotel.com\/it\/#\/schema\/person\/image\/\",\"url\":\"https:\/\/secure.gravatar.com\/avatar\/842fe86f8fa77164ecb3108ec37dabcb0396b62d74f78e4e665915826809d095?s=96&d=mm&r=g\",\"contentUrl\":\"https:\/\/secure.gravatar.com\/avatar\/842fe86f8fa77164ecb3108ec37dabcb0396b62d74f78e4e665915826809d095?s=96&d=mm&r=g\",\"caption\":\"Hotel-Beaubourg\"}}]}<\/script>","yoast_head_json":{"title":"\ud83d\udc57 Paris Fashion Week \u2013 Mode f\u00e9minine - H\u00f4tel Beaubourg","robots":{"index":"index","follow":"follow","max-snippet":"max-snippet:-1","max-image-preview":"max-image-preview:large","max-video-preview":"max-video-preview:-1"},"canonical":"https:\/\/www.beaubourg-paris-hotel.com\/es\/2025\/05\/23\/\ud83d\udc57-paris-fashion-week-mode-feminine\/","og_locale":"es_ES","og_type":"article","og_title":"\ud83d\udc57 Paris Fashion Week \u2013 Mode f\u00e9minine - H\u00f4tel Beaubourg","og_description":"\ud83d\udc57 Paris Fashion Week \u2013 Mode f\u00e9minine Dates : 22\u201330 septembre 2025Lieu : Divers lieux \u00e0 ParisDescription : D\u00e9fil\u00e9s de haute couture et \u00e9v\u00e9nements exclusifs dans la capitale de la mode.Lien : Paris Discovery GuideSortir...Read More","og_url":"https:\/\/www.beaubourg-paris-hotel.com\/es\/2025\/05\/23\/\ud83d\udc57-paris-fashion-week-mode-feminine\/","og_site_name":"H\u00f4tel Beaubourg","article_published_time":"2025-05-23T10:04:53+00:00","author":"Hotel-Beaubourg","twitter_card":"summary_large_image","twitter_misc":{"Escrito por":"Hotel-Beaubourg"},"schema":{"@context":"https:\/\/schema.org","@graph":[{"@type":"Article","@id":"https:\/\/www.beaubourg-paris-hotel.com\/es\/2025\/05\/23\/%f0%9f%91%97-paris-fashion-week-mode-feminine\/#article","isPartOf":{"@id":"https:\/\/www.beaubourg-paris-hotel.com\/es\/2025\/05\/23\/%f0%9f%91%97-paris-fashion-week-mode-feminine\/"},"author":{"name":"Hotel-Beaubourg","@id":"https:\/\/www.beaubourg-paris-hotel.com\/it\/#\/schema\/person\/cc8b7216c6385078dd5e042562bf183b"},"headline":"\ud83d\udc57 Paris Fashion Week \u2013 Mode f\u00e9minine","datePublished":"2025-05-23T10:04:53+00:00","mainEntityOfPage":{"@id":"https:\/\/www.beaubourg-paris-hotel.com\/es\/2025\/05\/23\/%f0%9f%91%97-paris-fashion-week-mode-feminine\/"},"wordCount":71,"articleSection":["actualites"],"inLanguage":"es"},{"@type":"WebPage","@id":"https:\/\/www.beaubourg-paris-hotel.com\/es\/2025\/05\/23\/%f0%9f%91%97-paris-fashion-week-mode-feminine\/","url":"https:\/\/www.beaubourg-paris-hotel.com\/es\/2025\/05\/23\/%f0%9f%91%97-paris-fashion-week-mode-feminine\/","name":"\ud83d\udc57 Paris Fashion Week \u2013 Mode f\u00e9minine - H\u00f4tel Beaubourg","isPartOf":{"@id":"https:\/\/www.beaubourg-paris-hotel.com\/it\/#website"},"datePublished":"2025-05-23T10:04:53+00:00","author":{"@id":"https:\/\/www.beaubourg-paris-hotel.com\/it\/#\/schema\/person\/cc8b7216c6385078dd5e042562bf183b"},"breadcrumb":{"@id":"https:\/\/www.beaubourg-paris-hotel.com\/es\/2025\/05\/23\/%f0%9f%91%97-paris-fashion-week-mode-feminine\/#breadcrumb"},"inLanguage":"es","potentialAction":[{"@type":"ReadAction","target":["https:\/\/www.beaubourg-paris-hotel.com\/es\/2025\/05\/23\/%f0%9f%91%97-paris-fashion-week-mode-feminine\/"]}]},{"@type":"BreadcrumbList","@id":"https:\/\/www.beaubourg-paris-hotel.com\/es\/2025\/05\/23\/%f0%9f%91%97-paris-fashion-week-mode-feminine\/#breadcrumb","itemListElement":[{"@type":"ListItem","position":1,"name":"Accueil","item":"https:\/\/www.beaubourg-paris-hotel.com\/es\/"},{"@type":"ListItem","position":2,"name":"\ud83d\udc57 Paris Fashion Week \u2013 Mode f\u00e9minine"}]},{"@type":"WebSite","@id":"https:\/\/www.beaubourg-paris-hotel.com\/it\/#website","url":"https:\/\/www.beaubourg-paris-hotel.com\/it\/","name":"H\u00f4tel Beaubourg","description":"H\u00f4tel 3 \u00e9toiles de charme, Paris Centre.","potentialAction":[{"@type":"SearchAction","target":{"@type":"EntryPoint","urlTemplate":"https:\/\/www.beaubourg-paris-hotel.com\/it\/?s={search_term_string}"},"query-input":{"@type":"PropertyValueSpecification","valueRequired":true,"valueName":"search_term_string"}}],"inLanguage":"es"},{"@type":"Person","@id":"https:\/\/www.beaubourg-paris-hotel.com\/it\/#\/schema\/person\/cc8b7216c6385078dd5e042562bf183b","name":"Hotel-Beaubourg","image":{"@type":"ImageObject","inLanguage":"es","@id":"https:\/\/www.beaubourg-paris-hotel.com\/it\/#\/schema\/person\/image\/","url":"https:\/\/secure.gravatar.com\/avatar\/842fe86f8fa77164ecb3108ec37dabcb0396b62d74f78e4e665915826809d095?s=96&d=mm&r=g","contentUrl":"https:\/\/secure.gravatar.com\/avatar\/842fe86f8fa77164ecb3108ec37dabcb0396b62d74f78e4e665915826809d095?s=96&d=mm&r=g","caption":"Hotel-Beaubourg"}}]}},"_links":{"self":[{"href":"https:\/\/www.beaubourg-paris-hotel.com\/es\/wp-json\/wp\/v2\/posts\/22194","targetHints":{"allow":["GET"]}}],"collection":[{"href":"https:\/\/www.beaubourg-paris-hotel.com\/es\/wp-json\/wp\/v2\/posts"}],"about":[{"href":"https:\/\/www.beaubourg-paris-hotel.com\/es\/wp-json\/wp\/v2\/types\/post"}],"author":[{"embeddable":true,"href":"https:\/\/www.beaubourg-paris-hotel.com\/es\/wp-json\/wp\/v2\/users\/1"}],"replies":[{"embeddable":true,"href":"https:\/\/www.beaubourg-paris-hotel.com\/es\/wp-json\/wp\/v2\/comments?post=22194"}],"version-history":[{"count":0,"href":"https:\/\/www.beaubourg-paris-hotel.com\/es\/wp-json\/wp\/v2\/posts\/22194\/revisions"}],"wp:attachment":[{"href":"https:\/\/www.beaubourg-paris-hotel.com\/es\/wp-json\/wp\/v2\/media?parent=22194"}],"wp:term":[{"taxonomy":"category","embeddable":true,"href":"https:\/\/www.beaubourg-paris-hotel.com\/es\/wp-json\/wp\/v2\/categories?post=22194"},{"taxonomy":"post_tag","embeddable":true,"href":"https:\/\/www.beaubourg-paris-hotel.com\/es\/wp-json\/wp\/v2\/tags?post=22194"}],"curies":[{"name":"wp","href":"https:\/\/api.w.org\/{rel}","templated":true}]}}