{"id":20165,"date":"2021-09-13T11:30:30","date_gmt":"2021-09-13T09:30:30","guid":{"rendered":"https:\/\/www.beaubourg-paris-hotel.com\/2021\/09\/13\/fashion-week-27-septembre-mardi-5-octobre-2021\/"},"modified":"2021-09-13T11:30:30","modified_gmt":"2021-09-13T09:30:30","slug":"fashion-week-27-septembre-mardi-5-octobre-2021","status":"publish","type":"post","link":"https:\/\/www.beaubourg-paris-hotel.com\/es\/2021\/09\/13\/fashion-week-27-septembre-mardi-5-octobre-2021\/","title":{"rendered":"Fashion week &#8211;  27 september > 5 october 2021"},"content":{"rendered":"<p>Women&#8217;s Fashion Week is the most anticipated fashion event and returns twice a year. In February and September, the big brands unveil their ready-to-wear collections: clothes and accessories produced in series and not made to measure, intended to be sold in their various points of sale six months later. At the end of winter, the following autumn-winter collections are presented, while the spring-summer collections parade at the end of summer. While more and more large cities are organizing their own fashion weeks (Tokyo, Seoul, Istanbul, Sao Paulo &#8230;), fashion week historically travels from New York to Paris via London then Milan, stopping for a few days in each of these four great fashion capitals. More and more famous, the Fashion weeks of Copenhagen, Seoul and Lagos have also made a lot of talk in recent seasons.<\/p>\n<p>What is Paris Fashion Week?<br \/>\nTrademark, Paris Fashion Week refers to all the parades that take place in Paris twice a year for women and two more times for men. It can also commonly refer to the week of haute couture fashion shows, but this is a misnomer.<\/p>\n<p><a href=\"https:\/\/fhcm.paris\/fr\/paris-fashion-week-fr\/dates\/\" rel=\"noopener\" target=\"_blank\">https:\/\/fhcm.paris\/fr\/paris-fashion-week-fr\/dates\/<\/a><\/p>\n","protected":false},"excerpt":{"rendered":"<p>Women&#8217;s Fashion Week is the most anticipated fashion event and returns twice a year. In February and September, the big brands unveil their ready-to-wear collections: clothes and accessories produced in series and not made to&#8230;<\/p>\n<div class=\"read-more-container\"><a class=\"more-link btn btn-default btn-sm read-more\" href=\"https:\/\/www.beaubourg-paris-hotel.com\/es\/2021\/09\/13\/fashion-week-27-septembre-mardi-5-octobre-2021\/\">Read More<\/a><\/div>\n","protected":false},"author":1,"featured_media":20155,"comment_status":"closed","ping_status":"closed","sticky":false,"template":"","format":"standard","meta":{"footnotes":""},"categories":[203],"tags":[],"class_list":["post-20165","post","type-post","status-publish","format-standard","has-post-thumbnail","hentry","category-actualites-es"],"yoast_head":"<title>Fashion week - 27 september &gt; 5 october 2021 - H\u00f4tel Beaubourg<\/title>\n<meta name=\"robots\" content=\"index, follow, max-snippet:-1, max-image-preview:large, max-video-preview:-1\" \/>\n<link rel=\"canonical\" href=\"https:\/\/www.beaubourg-paris-hotel.com\/es\/2021\/09\/13\/fashion-week-27-septembre-mardi-5-octobre-2021\/\" \/>\n<meta property=\"og:locale\" content=\"es_ES\" \/>\n<meta property=\"og:type\" content=\"article\" \/>\n<meta property=\"og:title\" content=\"Fashion week - 27 september &gt; 5 october 2021 - H\u00f4tel Beaubourg\" \/>\n<meta property=\"og:description\" content=\"Women&#8217;s Fashion Week is the most anticipated fashion event and returns twice a year. In February and September, the big brands unveil their ready-to-wear collections: clothes and accessories produced in series and not made to...Read More\" \/>\n<meta property=\"og:url\" content=\"https:\/\/www.beaubourg-paris-hotel.com\/es\/2021\/09\/13\/fashion-week-27-septembre-mardi-5-octobre-2021\/\" \/>\n<meta property=\"og:site_name\" content=\"H\u00f4tel Beaubourg\" \/>\n<meta property=\"article:published_time\" content=\"2021-09-13T09:30:30+00:00\" \/>\n<meta property=\"og:image\" content=\"https:\/\/www.beaubourg-paris-hotel.com\/wp-content\/uploads\/2021\/09\/logo-1024x760-1.png\" \/>\n\t<meta property=\"og:image:width\" content=\"750\" \/>\n\t<meta property=\"og:image:height\" content=\"556\" \/>\n\t<meta property=\"og:image:type\" content=\"image\/png\" \/>\n<meta name=\"author\" content=\"Hotel-Beaubourg\" \/>\n<meta name=\"twitter:card\" content=\"summary_large_image\" \/>\n<meta name=\"twitter:label1\" content=\"Escrito por\" \/>\n\t<meta name=\"twitter:data1\" content=\"Hotel-Beaubourg\" \/>\n\t<meta name=\"twitter:label2\" content=\"Tiempo de lectura\" \/>\n\t<meta name=\"twitter:data2\" content=\"1 minuto\" \/>\n<script type=\"application\/ld+json\" class=\"yoast-schema-graph\">{\"@context\":\"https:\/\/schema.org\",\"@graph\":[{\"@type\":\"Article\",\"@id\":\"https:\/\/www.beaubourg-paris-hotel.com\/es\/2021\/09\/13\/fashion-week-27-septembre-mardi-5-octobre-2021\/#article\",\"isPartOf\":{\"@id\":\"https:\/\/www.beaubourg-paris-hotel.com\/es\/2021\/09\/13\/fashion-week-27-septembre-mardi-5-octobre-2021\/\"},\"author\":{\"name\":\"Hotel-Beaubourg\",\"@id\":\"https:\/\/www.beaubourg-paris-hotel.com\/it\/#\/schema\/person\/cc8b7216c6385078dd5e042562bf183b\"},\"headline\":\"Fashion week &#8211; 27 september > 5 october 2021\",\"datePublished\":\"2021-09-13T09:30:30+00:00\",\"mainEntityOfPage\":{\"@id\":\"https:\/\/www.beaubourg-paris-hotel.com\/es\/2021\/09\/13\/fashion-week-27-septembre-mardi-5-octobre-2021\/\"},\"wordCount\":195,\"image\":{\"@id\":\"https:\/\/www.beaubourg-paris-hotel.com\/es\/2021\/09\/13\/fashion-week-27-septembre-mardi-5-octobre-2021\/#primaryimage\"},\"thumbnailUrl\":\"https:\/\/www.beaubourg-paris-hotel.com\/wp-content\/uploads\/2021\/09\/logo-1024x760-1.png\",\"articleSection\":[\"actualites\"],\"inLanguage\":\"es\"},{\"@type\":\"WebPage\",\"@id\":\"https:\/\/www.beaubourg-paris-hotel.com\/es\/2021\/09\/13\/fashion-week-27-septembre-mardi-5-octobre-2021\/\",\"url\":\"https:\/\/www.beaubourg-paris-hotel.com\/es\/2021\/09\/13\/fashion-week-27-septembre-mardi-5-octobre-2021\/\",\"name\":\"Fashion week - 27 september > 5 october 2021 - H\u00f4tel Beaubourg\",\"isPartOf\":{\"@id\":\"https:\/\/www.beaubourg-paris-hotel.com\/it\/#website\"},\"primaryImageOfPage\":{\"@id\":\"https:\/\/www.beaubourg-paris-hotel.com\/es\/2021\/09\/13\/fashion-week-27-septembre-mardi-5-octobre-2021\/#primaryimage\"},\"image\":{\"@id\":\"https:\/\/www.beaubourg-paris-hotel.com\/es\/2021\/09\/13\/fashion-week-27-septembre-mardi-5-octobre-2021\/#primaryimage\"},\"thumbnailUrl\":\"https:\/\/www.beaubourg-paris-hotel.com\/wp-content\/uploads\/2021\/09\/logo-1024x760-1.png\",\"datePublished\":\"2021-09-13T09:30:30+00:00\",\"author\":{\"@id\":\"https:\/\/www.beaubourg-paris-hotel.com\/it\/#\/schema\/person\/cc8b7216c6385078dd5e042562bf183b\"},\"breadcrumb\":{\"@id\":\"https:\/\/www.beaubourg-paris-hotel.com\/es\/2021\/09\/13\/fashion-week-27-septembre-mardi-5-octobre-2021\/#breadcrumb\"},\"inLanguage\":\"es\",\"potentialAction\":[{\"@type\":\"ReadAction\",\"target\":[\"https:\/\/www.beaubourg-paris-hotel.com\/es\/2021\/09\/13\/fashion-week-27-septembre-mardi-5-octobre-2021\/\"]}]},{\"@type\":\"ImageObject\",\"inLanguage\":\"es\",\"@id\":\"https:\/\/www.beaubourg-paris-hotel.com\/es\/2021\/09\/13\/fashion-week-27-septembre-mardi-5-octobre-2021\/#primaryimage\",\"url\":\"https:\/\/www.beaubourg-paris-hotel.com\/wp-content\/uploads\/2021\/09\/logo-1024x760-1.png\",\"contentUrl\":\"https:\/\/www.beaubourg-paris-hotel.com\/wp-content\/uploads\/2021\/09\/logo-1024x760-1.png\",\"width\":750,\"height\":556},{\"@type\":\"BreadcrumbList\",\"@id\":\"https:\/\/www.beaubourg-paris-hotel.com\/es\/2021\/09\/13\/fashion-week-27-septembre-mardi-5-octobre-2021\/#breadcrumb\",\"itemListElement\":[{\"@type\":\"ListItem\",\"position\":1,\"name\":\"Accueil\",\"item\":\"https:\/\/www.beaubourg-paris-hotel.com\/es\/\"},{\"@type\":\"ListItem\",\"position\":2,\"name\":\"Fashion week &#8211; 27 september > 5 october 2021\"}]},{\"@type\":\"WebSite\",\"@id\":\"https:\/\/www.beaubourg-paris-hotel.com\/it\/#website\",\"url\":\"https:\/\/www.beaubourg-paris-hotel.com\/it\/\",\"name\":\"H\u00f4tel Beaubourg\",\"description\":\"H\u00f4tel 3 \u00e9toiles de charme, Paris Centre.\",\"potentialAction\":[{\"@type\":\"SearchAction\",\"target\":{\"@type\":\"EntryPoint\",\"urlTemplate\":\"https:\/\/www.beaubourg-paris-hotel.com\/it\/?s={search_term_string}\"},\"query-input\":{\"@type\":\"PropertyValueSpecification\",\"valueRequired\":true,\"valueName\":\"search_term_string\"}}],\"inLanguage\":\"es\"},{\"@type\":\"Person\",\"@id\":\"https:\/\/www.beaubourg-paris-hotel.com\/it\/#\/schema\/person\/cc8b7216c6385078dd5e042562bf183b\",\"name\":\"Hotel-Beaubourg\",\"image\":{\"@type\":\"ImageObject\",\"inLanguage\":\"es\",\"@id\":\"https:\/\/www.beaubourg-paris-hotel.com\/it\/#\/schema\/person\/image\/\",\"url\":\"https:\/\/secure.gravatar.com\/avatar\/842fe86f8fa77164ecb3108ec37dabcb0396b62d74f78e4e665915826809d095?s=96&d=mm&r=g\",\"contentUrl\":\"https:\/\/secure.gravatar.com\/avatar\/842fe86f8fa77164ecb3108ec37dabcb0396b62d74f78e4e665915826809d095?s=96&d=mm&r=g\",\"caption\":\"Hotel-Beaubourg\"}}]}<\/script>","yoast_head_json":{"title":"Fashion week - 27 september > 5 october 2021 - H\u00f4tel Beaubourg","robots":{"index":"index","follow":"follow","max-snippet":"max-snippet:-1","max-image-preview":"max-image-preview:large","max-video-preview":"max-video-preview:-1"},"canonical":"https:\/\/www.beaubourg-paris-hotel.com\/es\/2021\/09\/13\/fashion-week-27-septembre-mardi-5-octobre-2021\/","og_locale":"es_ES","og_type":"article","og_title":"Fashion week - 27 september > 5 october 2021 - H\u00f4tel Beaubourg","og_description":"Women&#8217;s Fashion Week is the most anticipated fashion event and returns twice a year. In February and September, the big brands unveil their ready-to-wear collections: clothes and accessories produced in series and not made to...Read More","og_url":"https:\/\/www.beaubourg-paris-hotel.com\/es\/2021\/09\/13\/fashion-week-27-septembre-mardi-5-octobre-2021\/","og_site_name":"H\u00f4tel Beaubourg","article_published_time":"2021-09-13T09:30:30+00:00","og_image":[{"width":750,"height":556,"url":"https:\/\/www.beaubourg-paris-hotel.com\/wp-content\/uploads\/2021\/09\/logo-1024x760-1.png","type":"image\/png"}],"author":"Hotel-Beaubourg","twitter_card":"summary_large_image","twitter_misc":{"Escrito por":"Hotel-Beaubourg","Tiempo de lectura":"1 minuto"},"schema":{"@context":"https:\/\/schema.org","@graph":[{"@type":"Article","@id":"https:\/\/www.beaubourg-paris-hotel.com\/es\/2021\/09\/13\/fashion-week-27-septembre-mardi-5-octobre-2021\/#article","isPartOf":{"@id":"https:\/\/www.beaubourg-paris-hotel.com\/es\/2021\/09\/13\/fashion-week-27-septembre-mardi-5-octobre-2021\/"},"author":{"name":"Hotel-Beaubourg","@id":"https:\/\/www.beaubourg-paris-hotel.com\/it\/#\/schema\/person\/cc8b7216c6385078dd5e042562bf183b"},"headline":"Fashion week &#8211; 27 september > 5 october 2021","datePublished":"2021-09-13T09:30:30+00:00","mainEntityOfPage":{"@id":"https:\/\/www.beaubourg-paris-hotel.com\/es\/2021\/09\/13\/fashion-week-27-septembre-mardi-5-octobre-2021\/"},"wordCount":195,"image":{"@id":"https:\/\/www.beaubourg-paris-hotel.com\/es\/2021\/09\/13\/fashion-week-27-septembre-mardi-5-octobre-2021\/#primaryimage"},"thumbnailUrl":"https:\/\/www.beaubourg-paris-hotel.com\/wp-content\/uploads\/2021\/09\/logo-1024x760-1.png","articleSection":["actualites"],"inLanguage":"es"},{"@type":"WebPage","@id":"https:\/\/www.beaubourg-paris-hotel.com\/es\/2021\/09\/13\/fashion-week-27-septembre-mardi-5-octobre-2021\/","url":"https:\/\/www.beaubourg-paris-hotel.com\/es\/2021\/09\/13\/fashion-week-27-septembre-mardi-5-octobre-2021\/","name":"Fashion week - 27 september > 5 october 2021 - H\u00f4tel Beaubourg","isPartOf":{"@id":"https:\/\/www.beaubourg-paris-hotel.com\/it\/#website"},"primaryImageOfPage":{"@id":"https:\/\/www.beaubourg-paris-hotel.com\/es\/2021\/09\/13\/fashion-week-27-septembre-mardi-5-octobre-2021\/#primaryimage"},"image":{"@id":"https:\/\/www.beaubourg-paris-hotel.com\/es\/2021\/09\/13\/fashion-week-27-septembre-mardi-5-octobre-2021\/#primaryimage"},"thumbnailUrl":"https:\/\/www.beaubourg-paris-hotel.com\/wp-content\/uploads\/2021\/09\/logo-1024x760-1.png","datePublished":"2021-09-13T09:30:30+00:00","author":{"@id":"https:\/\/www.beaubourg-paris-hotel.com\/it\/#\/schema\/person\/cc8b7216c6385078dd5e042562bf183b"},"breadcrumb":{"@id":"https:\/\/www.beaubourg-paris-hotel.com\/es\/2021\/09\/13\/fashion-week-27-septembre-mardi-5-octobre-2021\/#breadcrumb"},"inLanguage":"es","potentialAction":[{"@type":"ReadAction","target":["https:\/\/www.beaubourg-paris-hotel.com\/es\/2021\/09\/13\/fashion-week-27-septembre-mardi-5-octobre-2021\/"]}]},{"@type":"ImageObject","inLanguage":"es","@id":"https:\/\/www.beaubourg-paris-hotel.com\/es\/2021\/09\/13\/fashion-week-27-septembre-mardi-5-octobre-2021\/#primaryimage","url":"https:\/\/www.beaubourg-paris-hotel.com\/wp-content\/uploads\/2021\/09\/logo-1024x760-1.png","contentUrl":"https:\/\/www.beaubourg-paris-hotel.com\/wp-content\/uploads\/2021\/09\/logo-1024x760-1.png","width":750,"height":556},{"@type":"BreadcrumbList","@id":"https:\/\/www.beaubourg-paris-hotel.com\/es\/2021\/09\/13\/fashion-week-27-septembre-mardi-5-octobre-2021\/#breadcrumb","itemListElement":[{"@type":"ListItem","position":1,"name":"Accueil","item":"https:\/\/www.beaubourg-paris-hotel.com\/es\/"},{"@type":"ListItem","position":2,"name":"Fashion week &#8211; 27 september > 5 october 2021"}]},{"@type":"WebSite","@id":"https:\/\/www.beaubourg-paris-hotel.com\/it\/#website","url":"https:\/\/www.beaubourg-paris-hotel.com\/it\/","name":"H\u00f4tel Beaubourg","description":"H\u00f4tel 3 \u00e9toiles de charme, Paris Centre.","potentialAction":[{"@type":"SearchAction","target":{"@type":"EntryPoint","urlTemplate":"https:\/\/www.beaubourg-paris-hotel.com\/it\/?s={search_term_string}"},"query-input":{"@type":"PropertyValueSpecification","valueRequired":true,"valueName":"search_term_string"}}],"inLanguage":"es"},{"@type":"Person","@id":"https:\/\/www.beaubourg-paris-hotel.com\/it\/#\/schema\/person\/cc8b7216c6385078dd5e042562bf183b","name":"Hotel-Beaubourg","image":{"@type":"ImageObject","inLanguage":"es","@id":"https:\/\/www.beaubourg-paris-hotel.com\/it\/#\/schema\/person\/image\/","url":"https:\/\/secure.gravatar.com\/avatar\/842fe86f8fa77164ecb3108ec37dabcb0396b62d74f78e4e665915826809d095?s=96&d=mm&r=g","contentUrl":"https:\/\/secure.gravatar.com\/avatar\/842fe86f8fa77164ecb3108ec37dabcb0396b62d74f78e4e665915826809d095?s=96&d=mm&r=g","caption":"Hotel-Beaubourg"}}]}},"_links":{"self":[{"href":"https:\/\/www.beaubourg-paris-hotel.com\/es\/wp-json\/wp\/v2\/posts\/20165","targetHints":{"allow":["GET"]}}],"collection":[{"href":"https:\/\/www.beaubourg-paris-hotel.com\/es\/wp-json\/wp\/v2\/posts"}],"about":[{"href":"https:\/\/www.beaubourg-paris-hotel.com\/es\/wp-json\/wp\/v2\/types\/post"}],"author":[{"embeddable":true,"href":"https:\/\/www.beaubourg-paris-hotel.com\/es\/wp-json\/wp\/v2\/users\/1"}],"replies":[{"embeddable":true,"href":"https:\/\/www.beaubourg-paris-hotel.com\/es\/wp-json\/wp\/v2\/comments?post=20165"}],"version-history":[{"count":0,"href":"https:\/\/www.beaubourg-paris-hotel.com\/es\/wp-json\/wp\/v2\/posts\/20165\/revisions"}],"wp:featuredmedia":[{"embeddable":true,"href":"https:\/\/www.beaubourg-paris-hotel.com\/es\/wp-json\/wp\/v2\/media\/20155"}],"wp:attachment":[{"href":"https:\/\/www.beaubourg-paris-hotel.com\/es\/wp-json\/wp\/v2\/media?parent=20165"}],"wp:term":[{"taxonomy":"category","embeddable":true,"href":"https:\/\/www.beaubourg-paris-hotel.com\/es\/wp-json\/wp\/v2\/categories?post=20165"},{"taxonomy":"post_tag","embeddable":true,"href":"https:\/\/www.beaubourg-paris-hotel.com\/es\/wp-json\/wp\/v2\/tags?post=20165"}],"curies":[{"name":"wp","href":"https:\/\/api.w.org\/{rel}","templated":true}]}}