{"id":22173,"date":"2025-05-23T12:03:11","date_gmt":"2025-05-23T10:03:11","guid":{"rendered":"https:\/\/www.beaubourg-paris-hotel.com\/2025\/05\/23\/%f0%9f%8e%ad-journees-europeennes-du-patrimoine\/"},"modified":"2025-05-23T12:03:11","modified_gmt":"2025-05-23T10:03:11","slug":"%f0%9f%8e%ad-journees-europeennes-du-patrimoine","status":"publish","type":"post","link":"https:\/\/www.beaubourg-paris-hotel.com\/en\/2025\/05\/23\/%f0%9f%8e%ad-journees-europeennes-du-patrimoine\/","title":{"rendered":"\ud83c\udfad Journ\u00e9es Europ\u00e9ennes du Patrimoine"},"content":{"rendered":"<h3 data-start=\"81\" data-end=\"128\">\ud83c\udfad <strong data-start=\"88\" data-end=\"126\">Journ\u00e9es Europ\u00e9ennes du Patrimoine<\/strong><\/h3>\n<p data-start=\"129\" data-end=\"387\"><strong data-start=\"129\" data-end=\"140\">Dates :<\/strong> 13\u201314 septembre 2025<br data-start=\"161\" data-end=\"164\" \/><strong data-start=\"164\" data-end=\"174\">Lieu :<\/strong> Partout \u00e0 Paris<br data-start=\"190\" data-end=\"193\" \/><strong data-start=\"193\" data-end=\"210\">Description :<\/strong> <span class=\"relative -mx-px my-[-0.2rem] rounded px-px py-[0.2rem] transition-colors duration-100 ease-in-out\">Plus de 300 sites historiques, mus\u00e9es et monuments ouvrent gratuitement leurs portes pour des visites exceptionnelles.<\/span><br data-start=\"248\" data-end=\"251\" \/><strong data-start=\"251\" data-end=\"261\">Lien :<\/strong> <a class=\"cursor-pointer\" target=\"_new\" rel=\"noopener\" data-start=\"262\" data-end=\"350\">Paris Discovery Guide<\/a><span class=\"ms-1 inline-flex max-w-full items-center relative top-[-0.094rem] animate-[show_150ms_ease-in]\"><a class=\"flex h-4.5 overflow-hidden rounded-xl px-2 text-[0.5625em] font-medium text-token-text-secondary! bg-[#F4F4F4]! dark:bg-[#303030]! transition-colors duration-150 ease-in-out\" href=\"https:\/\/www.parisdiscoveryguide.com\/paris-events-september.html?utm_source=chatgpt.com\" target=\"_blank\" rel=\"noopener\"><span class=\"relative start-0 bottom-0 flex h-full w-full items-center\"><span class=\"flex h-4 w-full items-center justify-between overflow-hidden\"><span class=\"max-w-full grow truncate overflow-hidden text-center\">parisdiscoveryguide.com<\/span><\/span><\/span><\/a><\/span><\/p>\n<p data-start=\"389\" data-end=\"676\"><strong data-start=\"389\" data-end=\"418\">\ud83c\udfad European Heritage Days<\/strong><br data-start=\"418\" data-end=\"421\" \/><strong data-start=\"421\" data-end=\"431\">Dates:<\/strong> September 13\u201314, 2025<br data-start=\"453\" data-end=\"456\" \/><strong data-start=\"456\" data-end=\"466\">Venue:<\/strong> Across Paris<br data-start=\"479\" data-end=\"482\" \/><strong data-start=\"482\" data-end=\"498\">Description:<\/strong> <span class=\"relative -mx-px my-[-0.2rem] rounded px-px py-[0.2rem] transition-colors duration-100 ease-in-out\">Over 300 historic sites, museums, and monuments open their doors for free special visits.<\/span><br data-start=\"536\" data-end=\"539\" \/><strong data-start=\"539\" data-end=\"548\">Link:<\/strong> <a class=\"cursor-pointer\" target=\"_new\" rel=\"noopener\" data-start=\"262\" data-end=\"350\">Paris Discovery Guide<\/a><span class=\"ms-1 inline-flex max-w-full items-center relative top-[-0.094rem] animate-[show_150ms_ease-in]\"><a class=\"flex h-4.5 overflow-hidden rounded-xl px-2 text-[0.5625em] font-medium text-token-text-secondary! bg-[#F4F4F4]! dark:bg-[#303030]! transition-colors duration-150 ease-in-out\" href=\"https:\/\/www.parisdiscoveryguide.com\/paris-events-september.html?utm_source=chatgpt.com\" target=\"_blank\" rel=\"noopener\"><span class=\"relative start-0 bottom-0 flex h-full w-full items-center\"><span class=\"flex h-4 w-full items-center justify-between overflow-hidden\"><span class=\"max-w-full grow truncate overflow-hidden text-center\">parisdiscoveryguide.com<\/span><\/span><\/span><\/a><\/span><\/p>\n","protected":false},"excerpt":{"rendered":"<p>\ud83c\udfad Journ\u00e9es Europ\u00e9ennes du Patrimoine Dates : 13\u201314 septembre 2025Lieu : Partout \u00e0 ParisDescription : Plus de 300 sites historiques, mus\u00e9es et monuments ouvrent gratuitement leurs portes pour des visites exceptionnelles.Lien : Paris Discovery Guideparisdiscoveryguide.com&#8230;<\/p>\n<div class=\"read-more-container\"><a class=\"more-link btn btn-default btn-sm read-more\" href=\"https:\/\/www.beaubourg-paris-hotel.com\/en\/2025\/05\/23\/%f0%9f%8e%ad-journees-europeennes-du-patrimoine\/\">Read More<\/a><\/div>\n","protected":false},"author":1,"featured_media":0,"comment_status":"closed","ping_status":"closed","sticky":false,"template":"","format":"standard","meta":{"footnotes":""},"categories":[198],"tags":[],"class_list":["post-22173","post","type-post","status-publish","format-standard","hentry","category-news"],"yoast_head":"<title>\ud83c\udfad Journ\u00e9es Europ\u00e9ennes du Patrimoine - H\u00f4tel Beaubourg<\/title>\n<meta name=\"robots\" content=\"index, follow, max-snippet:-1, max-image-preview:large, max-video-preview:-1\" \/>\n<link rel=\"canonical\" href=\"https:\/\/www.beaubourg-paris-hotel.com\/en\/2025\/05\/23\/\ud83c\udfad-journees-europeennes-du-patrimoine\/\" \/>\n<meta property=\"og:locale\" content=\"en_US\" \/>\n<meta property=\"og:type\" content=\"article\" \/>\n<meta property=\"og:title\" content=\"\ud83c\udfad Journ\u00e9es Europ\u00e9ennes du Patrimoine - H\u00f4tel Beaubourg\" \/>\n<meta property=\"og:description\" content=\"\ud83c\udfad Journ\u00e9es Europ\u00e9ennes du Patrimoine Dates : 13\u201314 septembre 2025Lieu : Partout \u00e0 ParisDescription : Plus de 300 sites historiques, mus\u00e9es et monuments ouvrent gratuitement leurs portes pour des visites exceptionnelles.Lien : Paris Discovery Guideparisdiscoveryguide.com...Read More\" \/>\n<meta property=\"og:url\" content=\"https:\/\/www.beaubourg-paris-hotel.com\/en\/2025\/05\/23\/\ud83c\udfad-journees-europeennes-du-patrimoine\/\" \/>\n<meta property=\"og:site_name\" content=\"H\u00f4tel Beaubourg\" \/>\n<meta property=\"article:published_time\" content=\"2025-05-23T10:03:11+00:00\" \/>\n<meta name=\"author\" content=\"Hotel-Beaubourg\" \/>\n<meta name=\"twitter:card\" content=\"summary_large_image\" \/>\n<meta name=\"twitter:label1\" content=\"Written by\" \/>\n\t<meta name=\"twitter:data1\" content=\"Hotel-Beaubourg\" \/>\n<script type=\"application\/ld+json\" class=\"yoast-schema-graph\">{\"@context\":\"https:\/\/schema.org\",\"@graph\":[{\"@type\":\"Article\",\"@id\":\"https:\/\/www.beaubourg-paris-hotel.com\/en\/2025\/05\/23\/%f0%9f%8e%ad-journees-europeennes-du-patrimoine\/#article\",\"isPartOf\":{\"@id\":\"https:\/\/www.beaubourg-paris-hotel.com\/en\/2025\/05\/23\/%f0%9f%8e%ad-journees-europeennes-du-patrimoine\/\"},\"author\":{\"name\":\"Hotel-Beaubourg\",\"@id\":\"https:\/\/www.beaubourg-paris-hotel.com\/it\/#\/schema\/person\/cc8b7216c6385078dd5e042562bf183b\"},\"headline\":\"\ud83c\udfad Journ\u00e9es Europ\u00e9ennes du Patrimoine\",\"datePublished\":\"2025-05-23T10:03:11+00:00\",\"mainEntityOfPage\":{\"@id\":\"https:\/\/www.beaubourg-paris-hotel.com\/en\/2025\/05\/23\/%f0%9f%8e%ad-journees-europeennes-du-patrimoine\/\"},\"wordCount\":68,\"articleSection\":[\"news\"],\"inLanguage\":\"en-US\"},{\"@type\":\"WebPage\",\"@id\":\"https:\/\/www.beaubourg-paris-hotel.com\/en\/2025\/05\/23\/%f0%9f%8e%ad-journees-europeennes-du-patrimoine\/\",\"url\":\"https:\/\/www.beaubourg-paris-hotel.com\/en\/2025\/05\/23\/%f0%9f%8e%ad-journees-europeennes-du-patrimoine\/\",\"name\":\"\ud83c\udfad Journ\u00e9es Europ\u00e9ennes du Patrimoine - H\u00f4tel Beaubourg\",\"isPartOf\":{\"@id\":\"https:\/\/www.beaubourg-paris-hotel.com\/it\/#website\"},\"datePublished\":\"2025-05-23T10:03:11+00:00\",\"author\":{\"@id\":\"https:\/\/www.beaubourg-paris-hotel.com\/it\/#\/schema\/person\/cc8b7216c6385078dd5e042562bf183b\"},\"breadcrumb\":{\"@id\":\"https:\/\/www.beaubourg-paris-hotel.com\/en\/2025\/05\/23\/%f0%9f%8e%ad-journees-europeennes-du-patrimoine\/#breadcrumb\"},\"inLanguage\":\"en-US\",\"potentialAction\":[{\"@type\":\"ReadAction\",\"target\":[\"https:\/\/www.beaubourg-paris-hotel.com\/en\/2025\/05\/23\/%f0%9f%8e%ad-journees-europeennes-du-patrimoine\/\"]}]},{\"@type\":\"BreadcrumbList\",\"@id\":\"https:\/\/www.beaubourg-paris-hotel.com\/en\/2025\/05\/23\/%f0%9f%8e%ad-journees-europeennes-du-patrimoine\/#breadcrumb\",\"itemListElement\":[{\"@type\":\"ListItem\",\"position\":1,\"name\":\"Accueil\",\"item\":\"https:\/\/www.beaubourg-paris-hotel.com\/en\/\"},{\"@type\":\"ListItem\",\"position\":2,\"name\":\"\ud83c\udfad Journ\u00e9es Europ\u00e9ennes du Patrimoine\"}]},{\"@type\":\"WebSite\",\"@id\":\"https:\/\/www.beaubourg-paris-hotel.com\/it\/#website\",\"url\":\"https:\/\/www.beaubourg-paris-hotel.com\/it\/\",\"name\":\"H\u00f4tel Beaubourg\",\"description\":\"H\u00f4tel 3 \u00e9toiles de charme, Paris Centre.\",\"potentialAction\":[{\"@type\":\"SearchAction\",\"target\":{\"@type\":\"EntryPoint\",\"urlTemplate\":\"https:\/\/www.beaubourg-paris-hotel.com\/it\/?s={search_term_string}\"},\"query-input\":{\"@type\":\"PropertyValueSpecification\",\"valueRequired\":true,\"valueName\":\"search_term_string\"}}],\"inLanguage\":\"en-US\"},{\"@type\":\"Person\",\"@id\":\"https:\/\/www.beaubourg-paris-hotel.com\/it\/#\/schema\/person\/cc8b7216c6385078dd5e042562bf183b\",\"name\":\"Hotel-Beaubourg\",\"image\":{\"@type\":\"ImageObject\",\"inLanguage\":\"en-US\",\"@id\":\"https:\/\/www.beaubourg-paris-hotel.com\/it\/#\/schema\/person\/image\/\",\"url\":\"https:\/\/secure.gravatar.com\/avatar\/842fe86f8fa77164ecb3108ec37dabcb0396b62d74f78e4e665915826809d095?s=96&d=mm&r=g\",\"contentUrl\":\"https:\/\/secure.gravatar.com\/avatar\/842fe86f8fa77164ecb3108ec37dabcb0396b62d74f78e4e665915826809d095?s=96&d=mm&r=g\",\"caption\":\"Hotel-Beaubourg\"}}]}<\/script>","yoast_head_json":{"title":"\ud83c\udfad Journ\u00e9es Europ\u00e9ennes du Patrimoine - H\u00f4tel Beaubourg","robots":{"index":"index","follow":"follow","max-snippet":"max-snippet:-1","max-image-preview":"max-image-preview:large","max-video-preview":"max-video-preview:-1"},"canonical":"https:\/\/www.beaubourg-paris-hotel.com\/en\/2025\/05\/23\/\ud83c\udfad-journees-europeennes-du-patrimoine\/","og_locale":"en_US","og_type":"article","og_title":"\ud83c\udfad Journ\u00e9es Europ\u00e9ennes du Patrimoine - H\u00f4tel Beaubourg","og_description":"\ud83c\udfad Journ\u00e9es Europ\u00e9ennes du Patrimoine Dates : 13\u201314 septembre 2025Lieu : Partout \u00e0 ParisDescription : Plus de 300 sites historiques, mus\u00e9es et monuments ouvrent gratuitement leurs portes pour des visites exceptionnelles.Lien : Paris Discovery Guideparisdiscoveryguide.com...Read More","og_url":"https:\/\/www.beaubourg-paris-hotel.com\/en\/2025\/05\/23\/\ud83c\udfad-journees-europeennes-du-patrimoine\/","og_site_name":"H\u00f4tel Beaubourg","article_published_time":"2025-05-23T10:03:11+00:00","author":"Hotel-Beaubourg","twitter_card":"summary_large_image","twitter_misc":{"Written by":"Hotel-Beaubourg"},"schema":{"@context":"https:\/\/schema.org","@graph":[{"@type":"Article","@id":"https:\/\/www.beaubourg-paris-hotel.com\/en\/2025\/05\/23\/%f0%9f%8e%ad-journees-europeennes-du-patrimoine\/#article","isPartOf":{"@id":"https:\/\/www.beaubourg-paris-hotel.com\/en\/2025\/05\/23\/%f0%9f%8e%ad-journees-europeennes-du-patrimoine\/"},"author":{"name":"Hotel-Beaubourg","@id":"https:\/\/www.beaubourg-paris-hotel.com\/it\/#\/schema\/person\/cc8b7216c6385078dd5e042562bf183b"},"headline":"\ud83c\udfad Journ\u00e9es Europ\u00e9ennes du Patrimoine","datePublished":"2025-05-23T10:03:11+00:00","mainEntityOfPage":{"@id":"https:\/\/www.beaubourg-paris-hotel.com\/en\/2025\/05\/23\/%f0%9f%8e%ad-journees-europeennes-du-patrimoine\/"},"wordCount":68,"articleSection":["news"],"inLanguage":"en-US"},{"@type":"WebPage","@id":"https:\/\/www.beaubourg-paris-hotel.com\/en\/2025\/05\/23\/%f0%9f%8e%ad-journees-europeennes-du-patrimoine\/","url":"https:\/\/www.beaubourg-paris-hotel.com\/en\/2025\/05\/23\/%f0%9f%8e%ad-journees-europeennes-du-patrimoine\/","name":"\ud83c\udfad Journ\u00e9es Europ\u00e9ennes du Patrimoine - H\u00f4tel Beaubourg","isPartOf":{"@id":"https:\/\/www.beaubourg-paris-hotel.com\/it\/#website"},"datePublished":"2025-05-23T10:03:11+00:00","author":{"@id":"https:\/\/www.beaubourg-paris-hotel.com\/it\/#\/schema\/person\/cc8b7216c6385078dd5e042562bf183b"},"breadcrumb":{"@id":"https:\/\/www.beaubourg-paris-hotel.com\/en\/2025\/05\/23\/%f0%9f%8e%ad-journees-europeennes-du-patrimoine\/#breadcrumb"},"inLanguage":"en-US","potentialAction":[{"@type":"ReadAction","target":["https:\/\/www.beaubourg-paris-hotel.com\/en\/2025\/05\/23\/%f0%9f%8e%ad-journees-europeennes-du-patrimoine\/"]}]},{"@type":"BreadcrumbList","@id":"https:\/\/www.beaubourg-paris-hotel.com\/en\/2025\/05\/23\/%f0%9f%8e%ad-journees-europeennes-du-patrimoine\/#breadcrumb","itemListElement":[{"@type":"ListItem","position":1,"name":"Accueil","item":"https:\/\/www.beaubourg-paris-hotel.com\/en\/"},{"@type":"ListItem","position":2,"name":"\ud83c\udfad Journ\u00e9es Europ\u00e9ennes du Patrimoine"}]},{"@type":"WebSite","@id":"https:\/\/www.beaubourg-paris-hotel.com\/it\/#website","url":"https:\/\/www.beaubourg-paris-hotel.com\/it\/","name":"H\u00f4tel Beaubourg","description":"H\u00f4tel 3 \u00e9toiles de charme, Paris Centre.","potentialAction":[{"@type":"SearchAction","target":{"@type":"EntryPoint","urlTemplate":"https:\/\/www.beaubourg-paris-hotel.com\/it\/?s={search_term_string}"},"query-input":{"@type":"PropertyValueSpecification","valueRequired":true,"valueName":"search_term_string"}}],"inLanguage":"en-US"},{"@type":"Person","@id":"https:\/\/www.beaubourg-paris-hotel.com\/it\/#\/schema\/person\/cc8b7216c6385078dd5e042562bf183b","name":"Hotel-Beaubourg","image":{"@type":"ImageObject","inLanguage":"en-US","@id":"https:\/\/www.beaubourg-paris-hotel.com\/it\/#\/schema\/person\/image\/","url":"https:\/\/secure.gravatar.com\/avatar\/842fe86f8fa77164ecb3108ec37dabcb0396b62d74f78e4e665915826809d095?s=96&d=mm&r=g","contentUrl":"https:\/\/secure.gravatar.com\/avatar\/842fe86f8fa77164ecb3108ec37dabcb0396b62d74f78e4e665915826809d095?s=96&d=mm&r=g","caption":"Hotel-Beaubourg"}}]}},"_links":{"self":[{"href":"https:\/\/www.beaubourg-paris-hotel.com\/en\/wp-json\/wp\/v2\/posts\/22173","targetHints":{"allow":["GET"]}}],"collection":[{"href":"https:\/\/www.beaubourg-paris-hotel.com\/en\/wp-json\/wp\/v2\/posts"}],"about":[{"href":"https:\/\/www.beaubourg-paris-hotel.com\/en\/wp-json\/wp\/v2\/types\/post"}],"author":[{"embeddable":true,"href":"https:\/\/www.beaubourg-paris-hotel.com\/en\/wp-json\/wp\/v2\/users\/1"}],"replies":[{"embeddable":true,"href":"https:\/\/www.beaubourg-paris-hotel.com\/en\/wp-json\/wp\/v2\/comments?post=22173"}],"version-history":[{"count":0,"href":"https:\/\/www.beaubourg-paris-hotel.com\/en\/wp-json\/wp\/v2\/posts\/22173\/revisions"}],"wp:attachment":[{"href":"https:\/\/www.beaubourg-paris-hotel.com\/en\/wp-json\/wp\/v2\/media?parent=22173"}],"wp:term":[{"taxonomy":"category","embeddable":true,"href":"https:\/\/www.beaubourg-paris-hotel.com\/en\/wp-json\/wp\/v2\/categories?post=22173"},{"taxonomy":"post_tag","embeddable":true,"href":"https:\/\/www.beaubourg-paris-hotel.com\/en\/wp-json\/wp\/v2\/tags?post=22173"}],"curies":[{"name":"wp","href":"https:\/\/api.w.org\/{rel}","templated":true}]}}