{"id":19347,"date":"2019-08-26T12:44:20","date_gmt":"2019-08-26T10:44:20","guid":{"rendered":"https:\/\/www.beaubourg-paris-hotel.com\/?p=19347"},"modified":"2019-08-15T12:50:18","modified_gmt":"2019-08-15T10:50:18","slug":"techno-parade-28-septembre-2019","status":"publish","type":"post","link":"https:\/\/www.beaubourg-paris-hotel.com\/en\/2019\/08\/26\/techno-parade-28-septembre-2019\/","title":{"rendered":"Techno Parade 28 september 2019"},"content":{"rendered":"<p>The Techno Parade wakes Paris every year in September, since 1998! It is Technopol, the association in the service of the electro, which produces this event become essential. For its 21st edition, the big event will take place on September 28, 2019. Technopol invites you to join the Techno Parade in the heart of the beat, sound and soundsystems, having gathered more than 300 000 people last year. &#8220;The 2019 course is not yet finalized with the police headquarters,&#8221; said Technopol.<\/p>\n<p><a href=\"https:\/\/www.evous.fr\/Le-parcours-de-la-Techno-Parade-Paris-1137033.html\" target=\"_blank\" rel=\"noopener noreferrer\">Discover here the route of the Techno Parade in Paris!<\/a><\/p>\n","protected":false},"excerpt":{"rendered":"<p>The Techno Parade wakes Paris every year in September, since 1998! It is Technopol, the association in the service of the electro, which produces this event become essential. For its 21st edition, the big event&#8230;<\/p>\n<div class=\"read-more-container\"><a class=\"more-link btn btn-default btn-sm read-more\" href=\"https:\/\/www.beaubourg-paris-hotel.com\/en\/2019\/08\/26\/techno-parade-28-septembre-2019\/\">Read More<\/a><\/div>\n","protected":false},"author":1,"featured_media":19340,"comment_status":"closed","ping_status":"closed","sticky":false,"template":"","format":"standard","meta":{"footnotes":""},"categories":[198],"tags":[],"class_list":["post-19347","post","type-post","status-publish","format-standard","has-post-thumbnail","hentry","category-news"],"yoast_head":"<title>Techno Parade 28 september 2019 - H\u00f4tel Beaubourg<\/title>\n<meta name=\"robots\" content=\"index, follow, max-snippet:-1, max-image-preview:large, max-video-preview:-1\" \/>\n<link rel=\"canonical\" href=\"https:\/\/www.beaubourg-paris-hotel.com\/en\/2019\/08\/26\/techno-parade-28-septembre-2019\/\" \/>\n<meta property=\"og:locale\" content=\"en_US\" \/>\n<meta property=\"og:type\" content=\"article\" \/>\n<meta property=\"og:title\" content=\"Techno Parade 28 september 2019 - H\u00f4tel Beaubourg\" \/>\n<meta property=\"og:description\" content=\"The Techno Parade wakes Paris every year in September, since 1998! It is Technopol, the association in the service of the electro, which produces this event become essential. For its 21st edition, the big event...Read More\" \/>\n<meta property=\"og:url\" content=\"https:\/\/www.beaubourg-paris-hotel.com\/en\/2019\/08\/26\/techno-parade-28-septembre-2019\/\" \/>\n<meta property=\"og:site_name\" content=\"H\u00f4tel Beaubourg\" \/>\n<meta property=\"article:published_time\" content=\"2019-08-26T10:44:20+00:00\" \/>\n<meta property=\"og:image\" content=\"https:\/\/www.beaubourg-paris-hotel.com\/wp-content\/uploads\/2019\/08\/paris-techno-parade-niko-photographe-ef90-diaporama-1.jpg\" \/>\n\t<meta property=\"og:image:width\" content=\"750\" \/>\n\t<meta property=\"og:image:height\" content=\"400\" \/>\n\t<meta property=\"og:image:type\" content=\"image\/jpeg\" \/>\n<meta name=\"author\" content=\"Hotel-Beaubourg\" \/>\n<meta name=\"twitter:card\" content=\"summary_large_image\" \/>\n<meta name=\"twitter:label1\" content=\"Written by\" \/>\n\t<meta name=\"twitter:data1\" content=\"Hotel-Beaubourg\" \/>\n<script type=\"application\/ld+json\" class=\"yoast-schema-graph\">{\"@context\":\"https:\/\/schema.org\",\"@graph\":[{\"@type\":\"Article\",\"@id\":\"https:\/\/www.beaubourg-paris-hotel.com\/en\/2019\/08\/26\/techno-parade-28-septembre-2019\/#article\",\"isPartOf\":{\"@id\":\"https:\/\/www.beaubourg-paris-hotel.com\/en\/2019\/08\/26\/techno-parade-28-septembre-2019\/\"},\"author\":{\"name\":\"Hotel-Beaubourg\",\"@id\":\"https:\/\/www.beaubourg-paris-hotel.com\/it\/#\/schema\/person\/cc8b7216c6385078dd5e042562bf183b\"},\"headline\":\"Techno Parade 28 september 2019\",\"datePublished\":\"2019-08-26T10:44:20+00:00\",\"mainEntityOfPage\":{\"@id\":\"https:\/\/www.beaubourg-paris-hotel.com\/en\/2019\/08\/26\/techno-parade-28-septembre-2019\/\"},\"wordCount\":88,\"image\":{\"@id\":\"https:\/\/www.beaubourg-paris-hotel.com\/en\/2019\/08\/26\/techno-parade-28-septembre-2019\/#primaryimage\"},\"thumbnailUrl\":\"https:\/\/www.beaubourg-paris-hotel.com\/wp-content\/uploads\/2019\/08\/paris-techno-parade-niko-photographe-ef90-diaporama-1.jpg\",\"articleSection\":[\"news\"],\"inLanguage\":\"en-US\"},{\"@type\":\"WebPage\",\"@id\":\"https:\/\/www.beaubourg-paris-hotel.com\/en\/2019\/08\/26\/techno-parade-28-septembre-2019\/\",\"url\":\"https:\/\/www.beaubourg-paris-hotel.com\/en\/2019\/08\/26\/techno-parade-28-septembre-2019\/\",\"name\":\"Techno Parade 28 september 2019 - H\u00f4tel Beaubourg\",\"isPartOf\":{\"@id\":\"https:\/\/www.beaubourg-paris-hotel.com\/it\/#website\"},\"primaryImageOfPage\":{\"@id\":\"https:\/\/www.beaubourg-paris-hotel.com\/en\/2019\/08\/26\/techno-parade-28-septembre-2019\/#primaryimage\"},\"image\":{\"@id\":\"https:\/\/www.beaubourg-paris-hotel.com\/en\/2019\/08\/26\/techno-parade-28-septembre-2019\/#primaryimage\"},\"thumbnailUrl\":\"https:\/\/www.beaubourg-paris-hotel.com\/wp-content\/uploads\/2019\/08\/paris-techno-parade-niko-photographe-ef90-diaporama-1.jpg\",\"datePublished\":\"2019-08-26T10:44:20+00:00\",\"author\":{\"@id\":\"https:\/\/www.beaubourg-paris-hotel.com\/it\/#\/schema\/person\/cc8b7216c6385078dd5e042562bf183b\"},\"breadcrumb\":{\"@id\":\"https:\/\/www.beaubourg-paris-hotel.com\/en\/2019\/08\/26\/techno-parade-28-septembre-2019\/#breadcrumb\"},\"inLanguage\":\"en-US\",\"potentialAction\":[{\"@type\":\"ReadAction\",\"target\":[\"https:\/\/www.beaubourg-paris-hotel.com\/en\/2019\/08\/26\/techno-parade-28-septembre-2019\/\"]}]},{\"@type\":\"ImageObject\",\"inLanguage\":\"en-US\",\"@id\":\"https:\/\/www.beaubourg-paris-hotel.com\/en\/2019\/08\/26\/techno-parade-28-septembre-2019\/#primaryimage\",\"url\":\"https:\/\/www.beaubourg-paris-hotel.com\/wp-content\/uploads\/2019\/08\/paris-techno-parade-niko-photographe-ef90-diaporama-1.jpg\",\"contentUrl\":\"https:\/\/www.beaubourg-paris-hotel.com\/wp-content\/uploads\/2019\/08\/paris-techno-parade-niko-photographe-ef90-diaporama-1.jpg\",\"width\":750,\"height\":400},{\"@type\":\"BreadcrumbList\",\"@id\":\"https:\/\/www.beaubourg-paris-hotel.com\/en\/2019\/08\/26\/techno-parade-28-septembre-2019\/#breadcrumb\",\"itemListElement\":[{\"@type\":\"ListItem\",\"position\":1,\"name\":\"Accueil\",\"item\":\"https:\/\/www.beaubourg-paris-hotel.com\/en\/\"},{\"@type\":\"ListItem\",\"position\":2,\"name\":\"Techno Parade 28 september 2019\"}]},{\"@type\":\"WebSite\",\"@id\":\"https:\/\/www.beaubourg-paris-hotel.com\/it\/#website\",\"url\":\"https:\/\/www.beaubourg-paris-hotel.com\/it\/\",\"name\":\"H\u00f4tel Beaubourg\",\"description\":\"H\u00f4tel 3 \u00e9toiles de charme, Paris Centre.\",\"potentialAction\":[{\"@type\":\"SearchAction\",\"target\":{\"@type\":\"EntryPoint\",\"urlTemplate\":\"https:\/\/www.beaubourg-paris-hotel.com\/it\/?s={search_term_string}\"},\"query-input\":{\"@type\":\"PropertyValueSpecification\",\"valueRequired\":true,\"valueName\":\"search_term_string\"}}],\"inLanguage\":\"en-US\"},{\"@type\":\"Person\",\"@id\":\"https:\/\/www.beaubourg-paris-hotel.com\/it\/#\/schema\/person\/cc8b7216c6385078dd5e042562bf183b\",\"name\":\"Hotel-Beaubourg\",\"image\":{\"@type\":\"ImageObject\",\"inLanguage\":\"en-US\",\"@id\":\"https:\/\/www.beaubourg-paris-hotel.com\/it\/#\/schema\/person\/image\/\",\"url\":\"https:\/\/secure.gravatar.com\/avatar\/842fe86f8fa77164ecb3108ec37dabcb0396b62d74f78e4e665915826809d095?s=96&d=mm&r=g\",\"contentUrl\":\"https:\/\/secure.gravatar.com\/avatar\/842fe86f8fa77164ecb3108ec37dabcb0396b62d74f78e4e665915826809d095?s=96&d=mm&r=g\",\"caption\":\"Hotel-Beaubourg\"}}]}<\/script>","yoast_head_json":{"title":"Techno Parade 28 september 2019 - H\u00f4tel Beaubourg","robots":{"index":"index","follow":"follow","max-snippet":"max-snippet:-1","max-image-preview":"max-image-preview:large","max-video-preview":"max-video-preview:-1"},"canonical":"https:\/\/www.beaubourg-paris-hotel.com\/en\/2019\/08\/26\/techno-parade-28-septembre-2019\/","og_locale":"en_US","og_type":"article","og_title":"Techno Parade 28 september 2019 - H\u00f4tel Beaubourg","og_description":"The Techno Parade wakes Paris every year in September, since 1998! It is Technopol, the association in the service of the electro, which produces this event become essential. For its 21st edition, the big event...Read More","og_url":"https:\/\/www.beaubourg-paris-hotel.com\/en\/2019\/08\/26\/techno-parade-28-septembre-2019\/","og_site_name":"H\u00f4tel Beaubourg","article_published_time":"2019-08-26T10:44:20+00:00","og_image":[{"width":750,"height":400,"url":"https:\/\/www.beaubourg-paris-hotel.com\/wp-content\/uploads\/2019\/08\/paris-techno-parade-niko-photographe-ef90-diaporama-1.jpg","type":"image\/jpeg"}],"author":"Hotel-Beaubourg","twitter_card":"summary_large_image","twitter_misc":{"Written by":"Hotel-Beaubourg"},"schema":{"@context":"https:\/\/schema.org","@graph":[{"@type":"Article","@id":"https:\/\/www.beaubourg-paris-hotel.com\/en\/2019\/08\/26\/techno-parade-28-septembre-2019\/#article","isPartOf":{"@id":"https:\/\/www.beaubourg-paris-hotel.com\/en\/2019\/08\/26\/techno-parade-28-septembre-2019\/"},"author":{"name":"Hotel-Beaubourg","@id":"https:\/\/www.beaubourg-paris-hotel.com\/it\/#\/schema\/person\/cc8b7216c6385078dd5e042562bf183b"},"headline":"Techno Parade 28 september 2019","datePublished":"2019-08-26T10:44:20+00:00","mainEntityOfPage":{"@id":"https:\/\/www.beaubourg-paris-hotel.com\/en\/2019\/08\/26\/techno-parade-28-septembre-2019\/"},"wordCount":88,"image":{"@id":"https:\/\/www.beaubourg-paris-hotel.com\/en\/2019\/08\/26\/techno-parade-28-septembre-2019\/#primaryimage"},"thumbnailUrl":"https:\/\/www.beaubourg-paris-hotel.com\/wp-content\/uploads\/2019\/08\/paris-techno-parade-niko-photographe-ef90-diaporama-1.jpg","articleSection":["news"],"inLanguage":"en-US"},{"@type":"WebPage","@id":"https:\/\/www.beaubourg-paris-hotel.com\/en\/2019\/08\/26\/techno-parade-28-septembre-2019\/","url":"https:\/\/www.beaubourg-paris-hotel.com\/en\/2019\/08\/26\/techno-parade-28-septembre-2019\/","name":"Techno Parade 28 september 2019 - H\u00f4tel Beaubourg","isPartOf":{"@id":"https:\/\/www.beaubourg-paris-hotel.com\/it\/#website"},"primaryImageOfPage":{"@id":"https:\/\/www.beaubourg-paris-hotel.com\/en\/2019\/08\/26\/techno-parade-28-septembre-2019\/#primaryimage"},"image":{"@id":"https:\/\/www.beaubourg-paris-hotel.com\/en\/2019\/08\/26\/techno-parade-28-septembre-2019\/#primaryimage"},"thumbnailUrl":"https:\/\/www.beaubourg-paris-hotel.com\/wp-content\/uploads\/2019\/08\/paris-techno-parade-niko-photographe-ef90-diaporama-1.jpg","datePublished":"2019-08-26T10:44:20+00:00","author":{"@id":"https:\/\/www.beaubourg-paris-hotel.com\/it\/#\/schema\/person\/cc8b7216c6385078dd5e042562bf183b"},"breadcrumb":{"@id":"https:\/\/www.beaubourg-paris-hotel.com\/en\/2019\/08\/26\/techno-parade-28-septembre-2019\/#breadcrumb"},"inLanguage":"en-US","potentialAction":[{"@type":"ReadAction","target":["https:\/\/www.beaubourg-paris-hotel.com\/en\/2019\/08\/26\/techno-parade-28-septembre-2019\/"]}]},{"@type":"ImageObject","inLanguage":"en-US","@id":"https:\/\/www.beaubourg-paris-hotel.com\/en\/2019\/08\/26\/techno-parade-28-septembre-2019\/#primaryimage","url":"https:\/\/www.beaubourg-paris-hotel.com\/wp-content\/uploads\/2019\/08\/paris-techno-parade-niko-photographe-ef90-diaporama-1.jpg","contentUrl":"https:\/\/www.beaubourg-paris-hotel.com\/wp-content\/uploads\/2019\/08\/paris-techno-parade-niko-photographe-ef90-diaporama-1.jpg","width":750,"height":400},{"@type":"BreadcrumbList","@id":"https:\/\/www.beaubourg-paris-hotel.com\/en\/2019\/08\/26\/techno-parade-28-septembre-2019\/#breadcrumb","itemListElement":[{"@type":"ListItem","position":1,"name":"Accueil","item":"https:\/\/www.beaubourg-paris-hotel.com\/en\/"},{"@type":"ListItem","position":2,"name":"Techno Parade 28 september 2019"}]},{"@type":"WebSite","@id":"https:\/\/www.beaubourg-paris-hotel.com\/it\/#website","url":"https:\/\/www.beaubourg-paris-hotel.com\/it\/","name":"H\u00f4tel Beaubourg","description":"H\u00f4tel 3 \u00e9toiles de charme, Paris Centre.","potentialAction":[{"@type":"SearchAction","target":{"@type":"EntryPoint","urlTemplate":"https:\/\/www.beaubourg-paris-hotel.com\/it\/?s={search_term_string}"},"query-input":{"@type":"PropertyValueSpecification","valueRequired":true,"valueName":"search_term_string"}}],"inLanguage":"en-US"},{"@type":"Person","@id":"https:\/\/www.beaubourg-paris-hotel.com\/it\/#\/schema\/person\/cc8b7216c6385078dd5e042562bf183b","name":"Hotel-Beaubourg","image":{"@type":"ImageObject","inLanguage":"en-US","@id":"https:\/\/www.beaubourg-paris-hotel.com\/it\/#\/schema\/person\/image\/","url":"https:\/\/secure.gravatar.com\/avatar\/842fe86f8fa77164ecb3108ec37dabcb0396b62d74f78e4e665915826809d095?s=96&d=mm&r=g","contentUrl":"https:\/\/secure.gravatar.com\/avatar\/842fe86f8fa77164ecb3108ec37dabcb0396b62d74f78e4e665915826809d095?s=96&d=mm&r=g","caption":"Hotel-Beaubourg"}}]}},"_links":{"self":[{"href":"https:\/\/www.beaubourg-paris-hotel.com\/en\/wp-json\/wp\/v2\/posts\/19347","targetHints":{"allow":["GET"]}}],"collection":[{"href":"https:\/\/www.beaubourg-paris-hotel.com\/en\/wp-json\/wp\/v2\/posts"}],"about":[{"href":"https:\/\/www.beaubourg-paris-hotel.com\/en\/wp-json\/wp\/v2\/types\/post"}],"author":[{"embeddable":true,"href":"https:\/\/www.beaubourg-paris-hotel.com\/en\/wp-json\/wp\/v2\/users\/1"}],"replies":[{"embeddable":true,"href":"https:\/\/www.beaubourg-paris-hotel.com\/en\/wp-json\/wp\/v2\/comments?post=19347"}],"version-history":[{"count":2,"href":"https:\/\/www.beaubourg-paris-hotel.com\/en\/wp-json\/wp\/v2\/posts\/19347\/revisions"}],"predecessor-version":[{"id":19350,"href":"https:\/\/www.beaubourg-paris-hotel.com\/en\/wp-json\/wp\/v2\/posts\/19347\/revisions\/19350"}],"wp:featuredmedia":[{"embeddable":true,"href":"https:\/\/www.beaubourg-paris-hotel.com\/en\/wp-json\/wp\/v2\/media\/19340"}],"wp:attachment":[{"href":"https:\/\/www.beaubourg-paris-hotel.com\/en\/wp-json\/wp\/v2\/media?parent=19347"}],"wp:term":[{"taxonomy":"category","embeddable":true,"href":"https:\/\/www.beaubourg-paris-hotel.com\/en\/wp-json\/wp\/v2\/categories?post=19347"},{"taxonomy":"post_tag","embeddable":true,"href":"https:\/\/www.beaubourg-paris-hotel.com\/en\/wp-json\/wp\/v2\/tags?post=19347"}],"curies":[{"name":"wp","href":"https:\/\/api.w.org\/{rel}","templated":true}]}}