{"id":22264,"date":"2025-05-23T14:32:09","date_gmt":"2025-05-23T12:32:09","guid":{"rendered":"https:\/\/www.beaubourg-paris-hotel.com\/2025\/05\/23\/art-basel-paris\/"},"modified":"2025-05-23T14:32:09","modified_gmt":"2025-05-23T12:32:09","slug":"art-basel-paris","status":"publish","type":"post","link":"https:\/\/www.beaubourg-paris-hotel.com\/de\/2025\/05\/23\/art-basel-paris\/","title":{"rendered":"Art Basel Paris"},"content":{"rendered":"<h3 data-start=\"3680\" data-end=\"3706\"><strong data-start=\"3687\" data-end=\"3706\">Art Basel Paris<\/strong><\/h3>\n<ul data-start=\"3707\" data-end=\"3975\">\n<li data-start=\"3707\" data-end=\"3762\">\n<p data-start=\"3709\" data-end=\"3762\"><strong data-start=\"3709\" data-end=\"3720\">Dates :<\/strong> <span class=\"relative -mx-px my-[-0.2rem] rounded px-px py-[0.2rem] transition-colors duration-100 ease-in-out\">22\u201326 octobre 2025<\/span><\/p>\n<\/li>\n<li data-start=\"3763\" data-end=\"3817\">\n<p data-start=\"3765\" data-end=\"3817\"><strong data-start=\"3765\" data-end=\"3775\">Lieu :<\/strong> <span class=\"relative -mx-px my-[-0.2rem] rounded px-px py-[0.2rem] transition-colors duration-100 ease-in-out\">Grand Palais, Paris<\/span><\/p>\n<\/li>\n<li data-start=\"3818\" data-end=\"3879\">\n<p data-start=\"3820\" data-end=\"3879\"><strong data-start=\"3820\" data-end=\"3837\">Description :<\/strong> <span class=\"relative -mx-px my-[-0.2rem] rounded px-px py-[0.2rem] transition-colors duration-100 ease-in-out\">Foire d&#8217;art moderne et contemporain pr\u00e9sentant 195 galeries internationales.<\/span><\/p>\n<\/li>\n<li data-start=\"3880\" data-end=\"3975\">\n<p data-start=\"3882\" data-end=\"3975\"><strong data-start=\"3882\" data-end=\"3892\">Lien :<\/strong> <span class=\"relative -mx-px my-[-0.2rem] rounded px-px py-[0.2rem] transition-colors duration-100 ease-in-out\"><a href=\"https:\/\/parisjetaime.com\/eng\/article\/what-to-do-in-paris-in-october-a1039\" target=\"_new\" rel=\"noopener noreferrer\" data-start=\"0\" data-end=\"92\" data-is-last-node=\"\" data-is-only-node=\"\">Paris je t&#8217;aime<\/a><\/span><span class=\"\" data-state=\"closed\"><span class=\"ms-1 inline-flex max-w-full items-center relative top-[-0.094rem] animate-[show_150ms_ease-in]\"><a class=\"flex h-4.5 overflow-hidden rounded-xl px-2 text-[0.5625em] font-medium text-token-text-secondary! bg-[#F4F4F4]! dark:bg-[#303030]! transition-colors duration-150 ease-in-out\" href=\"https:\/\/parisjetaime.com\/eng\/article\/what-to-do-in-paris-in-october-a1039?utm_source=chatgpt.com\" target=\"_blank\" rel=\"noopener\"><span class=\"relative start-0 bottom-0 flex h-full w-full items-center\"><span class=\"flex h-4 w-full items-center justify-between\"><span class=\"max-w-full grow truncate overflow-hidden text-center\">Paris je t&#8217;aime &#8211; Tourist office<\/span><span class=\"-me-1 flex h-full items-center rounded-full px-1 text-[#8F8F8F]\">+1<\/span><\/span><span class=\"flex h-4 w-full items-center justify-between absolute\"><span class=\"max-w-full grow truncate overflow-hidden text-center\">Paris je t&#8217;aime &#8211; Tourist office<\/span><span class=\"-me-1 flex h-full items-center rounded-full px-1 text-[#8F8F8F]\">+1<\/span><\/span><\/span><\/a><\/span><\/span><\/p>\n<\/li>\n<\/ul>\n<p data-start=\"3977\" data-end=\"3996\"><strong data-start=\"3977\" data-end=\"3996\">Art Basel Paris<\/strong><\/p>\n<ul data-start=\"3997\" data-end=\"4262\">\n<li data-start=\"3997\" data-end=\"4051\">\n<p data-start=\"3999\" data-end=\"4051\"><strong data-start=\"3999\" data-end=\"4009\">Dates:<\/strong> <span class=\"relative -mx-px my-[-0.2rem] rounded px-px py-[0.2rem] transition-colors duration-100 ease-in-out\">October 22\u201326, 2025<\/span><\/p>\n<\/li>\n<li data-start=\"4052\" data-end=\"4106\">\n<p data-start=\"4054\" data-end=\"4106\"><strong data-start=\"4054\" data-end=\"4064\">Venue:<\/strong> <span class=\"relative -mx-px my-[-0.2rem] rounded px-px py-[0.2rem] transition-colors duration-100 ease-in-out\">Grand Palais, Paris<\/span><\/p>\n<\/li>\n<li data-start=\"4107\" data-end=\"4167\">\n<p data-start=\"4109\" data-end=\"4167\"><strong data-start=\"4109\" data-end=\"4125\">Description:<\/strong> <span class=\"relative -mx-px my-[-0.2rem] rounded px-px py-[0.2rem] transition-colors duration-100 ease-in-out\">Modern and contemporary art fair featuring 195 international galleries.<\/span><\/p>\n<\/li>\n<li data-start=\"4168\" data-end=\"4262\">\n<p data-start=\"4170\" data-end=\"4262\"><strong data-start=\"4170\" data-end=\"4179\">Link:<\/strong> <span class=\"relative -mx-px my-[-0.2rem] rounded px-px py-[0.2rem] transition-colors duration-100 ease-in-out\"><a href=\"https:\/\/parisjetaime.com\/eng\/article\/what-to-do-in-paris-in-october-a1039\" target=\"_new\" rel=\"noopener noreferrer\" data-start=\"0\" data-end=\"92\" data-is-last-node=\"\" data-is-only-node=\"\">Paris je t&#8217;aime<\/a><\/span><\/p>\n<\/li>\n<\/ul>\n","protected":false},"excerpt":{"rendered":"<p>Art Basel Paris Dates : 22\u201326 octobre 2025 Lieu : Grand Palais, Paris Description : Foire d&#8217;art moderne et contemporain pr\u00e9sentant 195 galeries internationales. Lien : Paris je t&#8217;aimeParis je t&#8217;aime &#8211; Tourist office+1Paris je&#8230;<\/p>\n<div class=\"read-more-container\"><a class=\"more-link btn btn-default btn-sm read-more\" href=\"https:\/\/www.beaubourg-paris-hotel.com\/de\/2025\/05\/23\/art-basel-paris\/\">Read More<\/a><\/div>\n","protected":false},"author":1,"featured_media":0,"comment_status":"closed","ping_status":"closed","sticky":false,"template":"","format":"standard","meta":{"footnotes":""},"categories":[199],"tags":[],"class_list":["post-22264","post","type-post","status-publish","format-standard","hentry","category-actualites-de"],"yoast_head":"<title>Art Basel Paris - H\u00f4tel Beaubourg<\/title>\n<meta name=\"robots\" content=\"index, follow, max-snippet:-1, max-image-preview:large, max-video-preview:-1\" \/>\n<link rel=\"canonical\" href=\"https:\/\/www.beaubourg-paris-hotel.com\/de\/2025\/05\/23\/art-basel-paris\/\" \/>\n<meta property=\"og:locale\" content=\"de_DE\" \/>\n<meta property=\"og:type\" content=\"article\" \/>\n<meta property=\"og:title\" content=\"Art Basel Paris - H\u00f4tel Beaubourg\" \/>\n<meta property=\"og:description\" content=\"Art Basel Paris Dates : 22\u201326 octobre 2025 Lieu : Grand Palais, Paris Description : Foire d&#8217;art moderne et contemporain pr\u00e9sentant 195 galeries internationales. Lien : Paris je t&#8217;aimeParis je t&#8217;aime &#8211; Tourist office+1Paris je...Read More\" \/>\n<meta property=\"og:url\" content=\"https:\/\/www.beaubourg-paris-hotel.com\/de\/2025\/05\/23\/art-basel-paris\/\" \/>\n<meta property=\"og:site_name\" content=\"H\u00f4tel Beaubourg\" \/>\n<meta property=\"article:published_time\" content=\"2025-05-23T12:32:09+00:00\" \/>\n<meta name=\"author\" content=\"Hotel-Beaubourg\" \/>\n<meta name=\"twitter:card\" content=\"summary_large_image\" \/>\n<meta name=\"twitter:label1\" content=\"Verfasst von\" \/>\n\t<meta name=\"twitter:data1\" content=\"Hotel-Beaubourg\" \/>\n<script type=\"application\/ld+json\" class=\"yoast-schema-graph\">{\"@context\":\"https:\/\/schema.org\",\"@graph\":[{\"@type\":\"Article\",\"@id\":\"https:\/\/www.beaubourg-paris-hotel.com\/de\/2025\/05\/23\/art-basel-paris\/#article\",\"isPartOf\":{\"@id\":\"https:\/\/www.beaubourg-paris-hotel.com\/de\/2025\/05\/23\/art-basel-paris\/\"},\"author\":{\"name\":\"Hotel-Beaubourg\",\"@id\":\"https:\/\/www.beaubourg-paris-hotel.com\/it\/#\/schema\/person\/cc8b7216c6385078dd5e042562bf183b\"},\"headline\":\"Art Basel Paris\",\"datePublished\":\"2025-05-23T12:32:09+00:00\",\"mainEntityOfPage\":{\"@id\":\"https:\/\/www.beaubourg-paris-hotel.com\/de\/2025\/05\/23\/art-basel-paris\/\"},\"wordCount\":65,\"articleSection\":[\"actualites\"],\"inLanguage\":\"de\"},{\"@type\":\"WebPage\",\"@id\":\"https:\/\/www.beaubourg-paris-hotel.com\/de\/2025\/05\/23\/art-basel-paris\/\",\"url\":\"https:\/\/www.beaubourg-paris-hotel.com\/de\/2025\/05\/23\/art-basel-paris\/\",\"name\":\"Art Basel Paris - H\u00f4tel Beaubourg\",\"isPartOf\":{\"@id\":\"https:\/\/www.beaubourg-paris-hotel.com\/it\/#website\"},\"datePublished\":\"2025-05-23T12:32:09+00:00\",\"author\":{\"@id\":\"https:\/\/www.beaubourg-paris-hotel.com\/it\/#\/schema\/person\/cc8b7216c6385078dd5e042562bf183b\"},\"breadcrumb\":{\"@id\":\"https:\/\/www.beaubourg-paris-hotel.com\/de\/2025\/05\/23\/art-basel-paris\/#breadcrumb\"},\"inLanguage\":\"de\",\"potentialAction\":[{\"@type\":\"ReadAction\",\"target\":[\"https:\/\/www.beaubourg-paris-hotel.com\/de\/2025\/05\/23\/art-basel-paris\/\"]}]},{\"@type\":\"BreadcrumbList\",\"@id\":\"https:\/\/www.beaubourg-paris-hotel.com\/de\/2025\/05\/23\/art-basel-paris\/#breadcrumb\",\"itemListElement\":[{\"@type\":\"ListItem\",\"position\":1,\"name\":\"Accueil\",\"item\":\"https:\/\/www.beaubourg-paris-hotel.com\/de\/\"},{\"@type\":\"ListItem\",\"position\":2,\"name\":\"Art Basel Paris\"}]},{\"@type\":\"WebSite\",\"@id\":\"https:\/\/www.beaubourg-paris-hotel.com\/it\/#website\",\"url\":\"https:\/\/www.beaubourg-paris-hotel.com\/it\/\",\"name\":\"H\u00f4tel Beaubourg\",\"description\":\"H\u00f4tel 3 \u00e9toiles de charme, Paris Centre.\",\"potentialAction\":[{\"@type\":\"SearchAction\",\"target\":{\"@type\":\"EntryPoint\",\"urlTemplate\":\"https:\/\/www.beaubourg-paris-hotel.com\/it\/?s={search_term_string}\"},\"query-input\":{\"@type\":\"PropertyValueSpecification\",\"valueRequired\":true,\"valueName\":\"search_term_string\"}}],\"inLanguage\":\"de\"},{\"@type\":\"Person\",\"@id\":\"https:\/\/www.beaubourg-paris-hotel.com\/it\/#\/schema\/person\/cc8b7216c6385078dd5e042562bf183b\",\"name\":\"Hotel-Beaubourg\",\"image\":{\"@type\":\"ImageObject\",\"inLanguage\":\"de\",\"@id\":\"https:\/\/www.beaubourg-paris-hotel.com\/it\/#\/schema\/person\/image\/\",\"url\":\"https:\/\/secure.gravatar.com\/avatar\/842fe86f8fa77164ecb3108ec37dabcb0396b62d74f78e4e665915826809d095?s=96&d=mm&r=g\",\"contentUrl\":\"https:\/\/secure.gravatar.com\/avatar\/842fe86f8fa77164ecb3108ec37dabcb0396b62d74f78e4e665915826809d095?s=96&d=mm&r=g\",\"caption\":\"Hotel-Beaubourg\"}}]}<\/script>","yoast_head_json":{"title":"Art Basel Paris - H\u00f4tel Beaubourg","robots":{"index":"index","follow":"follow","max-snippet":"max-snippet:-1","max-image-preview":"max-image-preview:large","max-video-preview":"max-video-preview:-1"},"canonical":"https:\/\/www.beaubourg-paris-hotel.com\/de\/2025\/05\/23\/art-basel-paris\/","og_locale":"de_DE","og_type":"article","og_title":"Art Basel Paris - H\u00f4tel Beaubourg","og_description":"Art Basel Paris Dates : 22\u201326 octobre 2025 Lieu : Grand Palais, Paris Description : Foire d&#8217;art moderne et contemporain pr\u00e9sentant 195 galeries internationales. Lien : Paris je t&#8217;aimeParis je t&#8217;aime &#8211; Tourist office+1Paris je...Read More","og_url":"https:\/\/www.beaubourg-paris-hotel.com\/de\/2025\/05\/23\/art-basel-paris\/","og_site_name":"H\u00f4tel Beaubourg","article_published_time":"2025-05-23T12:32:09+00:00","author":"Hotel-Beaubourg","twitter_card":"summary_large_image","twitter_misc":{"Verfasst von":"Hotel-Beaubourg"},"schema":{"@context":"https:\/\/schema.org","@graph":[{"@type":"Article","@id":"https:\/\/www.beaubourg-paris-hotel.com\/de\/2025\/05\/23\/art-basel-paris\/#article","isPartOf":{"@id":"https:\/\/www.beaubourg-paris-hotel.com\/de\/2025\/05\/23\/art-basel-paris\/"},"author":{"name":"Hotel-Beaubourg","@id":"https:\/\/www.beaubourg-paris-hotel.com\/it\/#\/schema\/person\/cc8b7216c6385078dd5e042562bf183b"},"headline":"Art Basel Paris","datePublished":"2025-05-23T12:32:09+00:00","mainEntityOfPage":{"@id":"https:\/\/www.beaubourg-paris-hotel.com\/de\/2025\/05\/23\/art-basel-paris\/"},"wordCount":65,"articleSection":["actualites"],"inLanguage":"de"},{"@type":"WebPage","@id":"https:\/\/www.beaubourg-paris-hotel.com\/de\/2025\/05\/23\/art-basel-paris\/","url":"https:\/\/www.beaubourg-paris-hotel.com\/de\/2025\/05\/23\/art-basel-paris\/","name":"Art Basel Paris - H\u00f4tel Beaubourg","isPartOf":{"@id":"https:\/\/www.beaubourg-paris-hotel.com\/it\/#website"},"datePublished":"2025-05-23T12:32:09+00:00","author":{"@id":"https:\/\/www.beaubourg-paris-hotel.com\/it\/#\/schema\/person\/cc8b7216c6385078dd5e042562bf183b"},"breadcrumb":{"@id":"https:\/\/www.beaubourg-paris-hotel.com\/de\/2025\/05\/23\/art-basel-paris\/#breadcrumb"},"inLanguage":"de","potentialAction":[{"@type":"ReadAction","target":["https:\/\/www.beaubourg-paris-hotel.com\/de\/2025\/05\/23\/art-basel-paris\/"]}]},{"@type":"BreadcrumbList","@id":"https:\/\/www.beaubourg-paris-hotel.com\/de\/2025\/05\/23\/art-basel-paris\/#breadcrumb","itemListElement":[{"@type":"ListItem","position":1,"name":"Accueil","item":"https:\/\/www.beaubourg-paris-hotel.com\/de\/"},{"@type":"ListItem","position":2,"name":"Art Basel Paris"}]},{"@type":"WebSite","@id":"https:\/\/www.beaubourg-paris-hotel.com\/it\/#website","url":"https:\/\/www.beaubourg-paris-hotel.com\/it\/","name":"H\u00f4tel Beaubourg","description":"H\u00f4tel 3 \u00e9toiles de charme, Paris Centre.","potentialAction":[{"@type":"SearchAction","target":{"@type":"EntryPoint","urlTemplate":"https:\/\/www.beaubourg-paris-hotel.com\/it\/?s={search_term_string}"},"query-input":{"@type":"PropertyValueSpecification","valueRequired":true,"valueName":"search_term_string"}}],"inLanguage":"de"},{"@type":"Person","@id":"https:\/\/www.beaubourg-paris-hotel.com\/it\/#\/schema\/person\/cc8b7216c6385078dd5e042562bf183b","name":"Hotel-Beaubourg","image":{"@type":"ImageObject","inLanguage":"de","@id":"https:\/\/www.beaubourg-paris-hotel.com\/it\/#\/schema\/person\/image\/","url":"https:\/\/secure.gravatar.com\/avatar\/842fe86f8fa77164ecb3108ec37dabcb0396b62d74f78e4e665915826809d095?s=96&d=mm&r=g","contentUrl":"https:\/\/secure.gravatar.com\/avatar\/842fe86f8fa77164ecb3108ec37dabcb0396b62d74f78e4e665915826809d095?s=96&d=mm&r=g","caption":"Hotel-Beaubourg"}}]}},"_links":{"self":[{"href":"https:\/\/www.beaubourg-paris-hotel.com\/de\/wp-json\/wp\/v2\/posts\/22264","targetHints":{"allow":["GET"]}}],"collection":[{"href":"https:\/\/www.beaubourg-paris-hotel.com\/de\/wp-json\/wp\/v2\/posts"}],"about":[{"href":"https:\/\/www.beaubourg-paris-hotel.com\/de\/wp-json\/wp\/v2\/types\/post"}],"author":[{"embeddable":true,"href":"https:\/\/www.beaubourg-paris-hotel.com\/de\/wp-json\/wp\/v2\/users\/1"}],"replies":[{"embeddable":true,"href":"https:\/\/www.beaubourg-paris-hotel.com\/de\/wp-json\/wp\/v2\/comments?post=22264"}],"version-history":[{"count":0,"href":"https:\/\/www.beaubourg-paris-hotel.com\/de\/wp-json\/wp\/v2\/posts\/22264\/revisions"}],"wp:attachment":[{"href":"https:\/\/www.beaubourg-paris-hotel.com\/de\/wp-json\/wp\/v2\/media?parent=22264"}],"wp:term":[{"taxonomy":"category","embeddable":true,"href":"https:\/\/www.beaubourg-paris-hotel.com\/de\/wp-json\/wp\/v2\/categories?post=22264"},{"taxonomy":"post_tag","embeddable":true,"href":"https:\/\/www.beaubourg-paris-hotel.com\/de\/wp-json\/wp\/v2\/tags?post=22264"}],"curies":[{"name":"wp","href":"https:\/\/api.w.org\/{rel}","templated":true}]}}