{"id":21049,"date":"2023-06-30T15:29:38","date_gmt":"2023-06-30T13:29:38","guid":{"rendered":"https:\/\/www.beaubourg-paris-hotel.com\/?p=21049"},"modified":"2023-06-30T15:30:36","modified_gmt":"2023-06-30T13:30:36","slug":"la-nuit-aux-invalides-juillet-aout-2023","status":"publish","type":"post","link":"https:\/\/www.beaubourg-paris-hotel.com\/de\/2023\/06\/30\/la-nuit-aux-invalides-juillet-aout-2023\/","title":{"rendered":"Night at Les Invalides July &#8211; August 2023"},"content":{"rendered":"<div class=\"ezxmltext-field\">\n<div>\n<div class=\"ezxmltext-field\">\n<p>During the summer, go back in time and discover \u2018Napoleon &#8211; The Flight of the Eagle\u2019, the 10th edition of La Nuit aux Invalides. A sound and light show in 360\u00b0 that plunges the spectator into the Napoleonic legend and commemorates the 200th anniversary of his death! A grandiose creation by Bruno Seillier in the courtyard at Invalides, \u2018Napoleon &#8211; The Flight of the Eagle\u2019 is an extraordinary immersive experience.<\/p>\n<p>And to prolong this wonderful adventure, take a walk around the\u00a0<strong>D\u00f4me church<\/strong>\u00a0on a night-time trail lit\u00a0<strong>with a<\/strong>\u00a0<strong>thousand candles<\/strong>\u00a0&#8211; the opportunity to discover, in a different light, the tomb of Napoleon\u00a0 and other military figures that have marked France&#8217;s history.<\/p>\n<\/div>\n<\/div>\n<div><a href=\"https:\/\/lanuitauxinvalides.fr\/\" target=\"_blank\" rel=\"noopener\">Website of the event<\/a><\/div>\n<\/div>\n","protected":false},"excerpt":{"rendered":"<p>During the summer, go back in time and discover \u2018Napoleon &#8211; The Flight of the Eagle\u2019, the 10th edition of La Nuit aux Invalides. A sound and light show in 360\u00b0 that plunges the spectator&#8230;<\/p>\n<div class=\"read-more-container\"><a class=\"more-link btn btn-default btn-sm read-more\" href=\"https:\/\/www.beaubourg-paris-hotel.com\/de\/2023\/06\/30\/la-nuit-aux-invalides-juillet-aout-2023\/\">Read More<\/a><\/div>\n","protected":false},"author":1,"featured_media":0,"comment_status":"closed","ping_status":"closed","sticky":false,"template":"","format":"standard","meta":{"footnotes":""},"categories":[199],"tags":[],"class_list":["post-21049","post","type-post","status-publish","format-standard","hentry","category-actualites-de"],"yoast_head":"<title>Night at Les Invalides July - August 2023 - H\u00f4tel Beaubourg<\/title>\n<meta name=\"robots\" content=\"index, follow, max-snippet:-1, max-image-preview:large, max-video-preview:-1\" \/>\n<link rel=\"canonical\" href=\"https:\/\/www.beaubourg-paris-hotel.com\/de\/2023\/06\/30\/la-nuit-aux-invalides-juillet-aout-2023\/\" \/>\n<meta property=\"og:locale\" content=\"de_DE\" \/>\n<meta property=\"og:type\" content=\"article\" \/>\n<meta property=\"og:title\" content=\"Night at Les Invalides July - August 2023 - H\u00f4tel Beaubourg\" \/>\n<meta property=\"og:description\" content=\"During the summer, go back in time and discover \u2018Napoleon &#8211; The Flight of the Eagle\u2019, the 10th edition of La Nuit aux Invalides. A sound and light show in 360\u00b0 that plunges the spectator...Read More\" \/>\n<meta property=\"og:url\" content=\"https:\/\/www.beaubourg-paris-hotel.com\/de\/2023\/06\/30\/la-nuit-aux-invalides-juillet-aout-2023\/\" \/>\n<meta property=\"og:site_name\" content=\"H\u00f4tel Beaubourg\" \/>\n<meta property=\"article:published_time\" content=\"2023-06-30T13:29:38+00:00\" \/>\n<meta property=\"article:modified_time\" content=\"2023-06-30T13:30:36+00:00\" \/>\n<meta name=\"author\" content=\"Hotel-Beaubourg\" \/>\n<meta name=\"twitter:card\" content=\"summary_large_image\" \/>\n<meta name=\"twitter:label1\" content=\"Verfasst von\" \/>\n\t<meta name=\"twitter:data1\" content=\"Hotel-Beaubourg\" \/>\n\t<meta name=\"twitter:label2\" content=\"Gesch\u00e4tzte Lesezeit\" \/>\n\t<meta name=\"twitter:data2\" content=\"1\u00a0Minute\" \/>\n<script type=\"application\/ld+json\" class=\"yoast-schema-graph\">{\"@context\":\"https:\/\/schema.org\",\"@graph\":[{\"@type\":\"Article\",\"@id\":\"https:\/\/www.beaubourg-paris-hotel.com\/de\/2023\/06\/30\/la-nuit-aux-invalides-juillet-aout-2023\/#article\",\"isPartOf\":{\"@id\":\"https:\/\/www.beaubourg-paris-hotel.com\/de\/2023\/06\/30\/la-nuit-aux-invalides-juillet-aout-2023\/\"},\"author\":{\"name\":\"Hotel-Beaubourg\",\"@id\":\"https:\/\/www.beaubourg-paris-hotel.com\/it\/#\/schema\/person\/cc8b7216c6385078dd5e042562bf183b\"},\"headline\":\"Night at Les Invalides July &#8211; August 2023\",\"datePublished\":\"2023-06-30T13:29:38+00:00\",\"dateModified\":\"2023-06-30T13:30:36+00:00\",\"mainEntityOfPage\":{\"@id\":\"https:\/\/www.beaubourg-paris-hotel.com\/de\/2023\/06\/30\/la-nuit-aux-invalides-juillet-aout-2023\/\"},\"wordCount\":126,\"articleSection\":[\"actualites\"],\"inLanguage\":\"de\"},{\"@type\":\"WebPage\",\"@id\":\"https:\/\/www.beaubourg-paris-hotel.com\/de\/2023\/06\/30\/la-nuit-aux-invalides-juillet-aout-2023\/\",\"url\":\"https:\/\/www.beaubourg-paris-hotel.com\/de\/2023\/06\/30\/la-nuit-aux-invalides-juillet-aout-2023\/\",\"name\":\"Night at Les Invalides July - August 2023 - H\u00f4tel Beaubourg\",\"isPartOf\":{\"@id\":\"https:\/\/www.beaubourg-paris-hotel.com\/it\/#website\"},\"datePublished\":\"2023-06-30T13:29:38+00:00\",\"dateModified\":\"2023-06-30T13:30:36+00:00\",\"author\":{\"@id\":\"https:\/\/www.beaubourg-paris-hotel.com\/it\/#\/schema\/person\/cc8b7216c6385078dd5e042562bf183b\"},\"breadcrumb\":{\"@id\":\"https:\/\/www.beaubourg-paris-hotel.com\/de\/2023\/06\/30\/la-nuit-aux-invalides-juillet-aout-2023\/#breadcrumb\"},\"inLanguage\":\"de\",\"potentialAction\":[{\"@type\":\"ReadAction\",\"target\":[\"https:\/\/www.beaubourg-paris-hotel.com\/de\/2023\/06\/30\/la-nuit-aux-invalides-juillet-aout-2023\/\"]}]},{\"@type\":\"BreadcrumbList\",\"@id\":\"https:\/\/www.beaubourg-paris-hotel.com\/de\/2023\/06\/30\/la-nuit-aux-invalides-juillet-aout-2023\/#breadcrumb\",\"itemListElement\":[{\"@type\":\"ListItem\",\"position\":1,\"name\":\"Accueil\",\"item\":\"https:\/\/www.beaubourg-paris-hotel.com\/de\/\"},{\"@type\":\"ListItem\",\"position\":2,\"name\":\"Night at Les Invalides July &#8211; August 2023\"}]},{\"@type\":\"WebSite\",\"@id\":\"https:\/\/www.beaubourg-paris-hotel.com\/it\/#website\",\"url\":\"https:\/\/www.beaubourg-paris-hotel.com\/it\/\",\"name\":\"H\u00f4tel Beaubourg\",\"description\":\"H\u00f4tel 3 \u00e9toiles de charme, Paris Centre.\",\"potentialAction\":[{\"@type\":\"SearchAction\",\"target\":{\"@type\":\"EntryPoint\",\"urlTemplate\":\"https:\/\/www.beaubourg-paris-hotel.com\/it\/?s={search_term_string}\"},\"query-input\":{\"@type\":\"PropertyValueSpecification\",\"valueRequired\":true,\"valueName\":\"search_term_string\"}}],\"inLanguage\":\"de\"},{\"@type\":\"Person\",\"@id\":\"https:\/\/www.beaubourg-paris-hotel.com\/it\/#\/schema\/person\/cc8b7216c6385078dd5e042562bf183b\",\"name\":\"Hotel-Beaubourg\",\"image\":{\"@type\":\"ImageObject\",\"inLanguage\":\"de\",\"@id\":\"https:\/\/www.beaubourg-paris-hotel.com\/it\/#\/schema\/person\/image\/\",\"url\":\"https:\/\/secure.gravatar.com\/avatar\/842fe86f8fa77164ecb3108ec37dabcb0396b62d74f78e4e665915826809d095?s=96&d=mm&r=g\",\"contentUrl\":\"https:\/\/secure.gravatar.com\/avatar\/842fe86f8fa77164ecb3108ec37dabcb0396b62d74f78e4e665915826809d095?s=96&d=mm&r=g\",\"caption\":\"Hotel-Beaubourg\"}}]}<\/script>","yoast_head_json":{"title":"Night at Les Invalides July - August 2023 - H\u00f4tel Beaubourg","robots":{"index":"index","follow":"follow","max-snippet":"max-snippet:-1","max-image-preview":"max-image-preview:large","max-video-preview":"max-video-preview:-1"},"canonical":"https:\/\/www.beaubourg-paris-hotel.com\/de\/2023\/06\/30\/la-nuit-aux-invalides-juillet-aout-2023\/","og_locale":"de_DE","og_type":"article","og_title":"Night at Les Invalides July - August 2023 - H\u00f4tel Beaubourg","og_description":"During the summer, go back in time and discover \u2018Napoleon &#8211; The Flight of the Eagle\u2019, the 10th edition of La Nuit aux Invalides. A sound and light show in 360\u00b0 that plunges the spectator...Read More","og_url":"https:\/\/www.beaubourg-paris-hotel.com\/de\/2023\/06\/30\/la-nuit-aux-invalides-juillet-aout-2023\/","og_site_name":"H\u00f4tel Beaubourg","article_published_time":"2023-06-30T13:29:38+00:00","article_modified_time":"2023-06-30T13:30:36+00:00","author":"Hotel-Beaubourg","twitter_card":"summary_large_image","twitter_misc":{"Verfasst von":"Hotel-Beaubourg","Gesch\u00e4tzte Lesezeit":"1\u00a0Minute"},"schema":{"@context":"https:\/\/schema.org","@graph":[{"@type":"Article","@id":"https:\/\/www.beaubourg-paris-hotel.com\/de\/2023\/06\/30\/la-nuit-aux-invalides-juillet-aout-2023\/#article","isPartOf":{"@id":"https:\/\/www.beaubourg-paris-hotel.com\/de\/2023\/06\/30\/la-nuit-aux-invalides-juillet-aout-2023\/"},"author":{"name":"Hotel-Beaubourg","@id":"https:\/\/www.beaubourg-paris-hotel.com\/it\/#\/schema\/person\/cc8b7216c6385078dd5e042562bf183b"},"headline":"Night at Les Invalides July &#8211; August 2023","datePublished":"2023-06-30T13:29:38+00:00","dateModified":"2023-06-30T13:30:36+00:00","mainEntityOfPage":{"@id":"https:\/\/www.beaubourg-paris-hotel.com\/de\/2023\/06\/30\/la-nuit-aux-invalides-juillet-aout-2023\/"},"wordCount":126,"articleSection":["actualites"],"inLanguage":"de"},{"@type":"WebPage","@id":"https:\/\/www.beaubourg-paris-hotel.com\/de\/2023\/06\/30\/la-nuit-aux-invalides-juillet-aout-2023\/","url":"https:\/\/www.beaubourg-paris-hotel.com\/de\/2023\/06\/30\/la-nuit-aux-invalides-juillet-aout-2023\/","name":"Night at Les Invalides July - August 2023 - H\u00f4tel Beaubourg","isPartOf":{"@id":"https:\/\/www.beaubourg-paris-hotel.com\/it\/#website"},"datePublished":"2023-06-30T13:29:38+00:00","dateModified":"2023-06-30T13:30:36+00:00","author":{"@id":"https:\/\/www.beaubourg-paris-hotel.com\/it\/#\/schema\/person\/cc8b7216c6385078dd5e042562bf183b"},"breadcrumb":{"@id":"https:\/\/www.beaubourg-paris-hotel.com\/de\/2023\/06\/30\/la-nuit-aux-invalides-juillet-aout-2023\/#breadcrumb"},"inLanguage":"de","potentialAction":[{"@type":"ReadAction","target":["https:\/\/www.beaubourg-paris-hotel.com\/de\/2023\/06\/30\/la-nuit-aux-invalides-juillet-aout-2023\/"]}]},{"@type":"BreadcrumbList","@id":"https:\/\/www.beaubourg-paris-hotel.com\/de\/2023\/06\/30\/la-nuit-aux-invalides-juillet-aout-2023\/#breadcrumb","itemListElement":[{"@type":"ListItem","position":1,"name":"Accueil","item":"https:\/\/www.beaubourg-paris-hotel.com\/de\/"},{"@type":"ListItem","position":2,"name":"Night at Les Invalides July &#8211; August 2023"}]},{"@type":"WebSite","@id":"https:\/\/www.beaubourg-paris-hotel.com\/it\/#website","url":"https:\/\/www.beaubourg-paris-hotel.com\/it\/","name":"H\u00f4tel Beaubourg","description":"H\u00f4tel 3 \u00e9toiles de charme, Paris Centre.","potentialAction":[{"@type":"SearchAction","target":{"@type":"EntryPoint","urlTemplate":"https:\/\/www.beaubourg-paris-hotel.com\/it\/?s={search_term_string}"},"query-input":{"@type":"PropertyValueSpecification","valueRequired":true,"valueName":"search_term_string"}}],"inLanguage":"de"},{"@type":"Person","@id":"https:\/\/www.beaubourg-paris-hotel.com\/it\/#\/schema\/person\/cc8b7216c6385078dd5e042562bf183b","name":"Hotel-Beaubourg","image":{"@type":"ImageObject","inLanguage":"de","@id":"https:\/\/www.beaubourg-paris-hotel.com\/it\/#\/schema\/person\/image\/","url":"https:\/\/secure.gravatar.com\/avatar\/842fe86f8fa77164ecb3108ec37dabcb0396b62d74f78e4e665915826809d095?s=96&d=mm&r=g","contentUrl":"https:\/\/secure.gravatar.com\/avatar\/842fe86f8fa77164ecb3108ec37dabcb0396b62d74f78e4e665915826809d095?s=96&d=mm&r=g","caption":"Hotel-Beaubourg"}}]}},"_links":{"self":[{"href":"https:\/\/www.beaubourg-paris-hotel.com\/de\/wp-json\/wp\/v2\/posts\/21049","targetHints":{"allow":["GET"]}}],"collection":[{"href":"https:\/\/www.beaubourg-paris-hotel.com\/de\/wp-json\/wp\/v2\/posts"}],"about":[{"href":"https:\/\/www.beaubourg-paris-hotel.com\/de\/wp-json\/wp\/v2\/types\/post"}],"author":[{"embeddable":true,"href":"https:\/\/www.beaubourg-paris-hotel.com\/de\/wp-json\/wp\/v2\/users\/1"}],"replies":[{"embeddable":true,"href":"https:\/\/www.beaubourg-paris-hotel.com\/de\/wp-json\/wp\/v2\/comments?post=21049"}],"version-history":[{"count":1,"href":"https:\/\/www.beaubourg-paris-hotel.com\/de\/wp-json\/wp\/v2\/posts\/21049\/revisions"}],"predecessor-version":[{"id":21111,"href":"https:\/\/www.beaubourg-paris-hotel.com\/de\/wp-json\/wp\/v2\/posts\/21049\/revisions\/21111"}],"wp:attachment":[{"href":"https:\/\/www.beaubourg-paris-hotel.com\/de\/wp-json\/wp\/v2\/media?parent=21049"}],"wp:term":[{"taxonomy":"category","embeddable":true,"href":"https:\/\/www.beaubourg-paris-hotel.com\/de\/wp-json\/wp\/v2\/categories?post=21049"},{"taxonomy":"post_tag","embeddable":true,"href":"https:\/\/www.beaubourg-paris-hotel.com\/de\/wp-json\/wp\/v2\/tags?post=21049"}],"curies":[{"name":"wp","href":"https:\/\/api.w.org\/{rel}","templated":true}]}}