{"id":20591,"date":"2022-08-29T12:29:35","date_gmt":"2022-08-29T10:29:35","guid":{"rendered":"https:\/\/www.beaubourg-paris-hotel.com\/?p=20591"},"modified":"2022-08-29T12:30:18","modified_gmt":"2022-08-29T10:30:18","slug":"paris-versailles-du-25-septembre-2022","status":"publish","type":"post","link":"https:\/\/www.beaubourg-paris-hotel.com\/de\/2022\/08\/29\/paris-versailles-du-25-septembre-2022\/","title":{"rendered":"Paris-Versailles 25 September 2022"},"content":{"rendered":"<p>Like the Paris Marathon, the 20km de Paris and the Paris half marathon, the Paris-Versailles international race is a must for fans of middle-distance races Every year, some 25,000 competitors take part in this classic running event. The starting line is at the Eiffel Tower. The route takes in the neighbouring areas of \u00a0Issy Les Moulineaux, and Meudon and its famous difficult stretch the &#8220;c\u00f4te des gardes&#8221;, Chaville, V\u00e9lizy, Viroflay and finishes at Versailles, on avenue de Paris, opposite the Palace of Versailles.<\/p>\n<blockquote class=\"wp-embedded-content\" data-secret=\"Kd6kST8tv8\"><p><a href=\"https:\/\/www.parisversailles.com\/site\/\">Frontpage<\/a><\/p><\/blockquote>\n<p><iframe loading=\"lazy\" class=\"wp-embedded-content\" sandbox=\"allow-scripts\" security=\"restricted\" style=\"position: absolute; clip: rect(1px, 1px, 1px, 1px);\" title=\"\u00ab\u00a0Frontpage\u00a0\u00bb &#8212; Paris-Versailles\" src=\"https:\/\/www.parisversailles.com\/site\/embed\/#?secret=Kd6kST8tv8\" data-secret=\"Kd6kST8tv8\" width=\"600\" height=\"338\" frameborder=\"0\" marginwidth=\"0\" marginheight=\"0\" scrolling=\"no\"><\/iframe><\/p>\n","protected":false},"excerpt":{"rendered":"<p>Like the Paris Marathon, the 20km de Paris and the Paris half marathon, the Paris-Versailles international race is a must for fans of middle-distance races Every year, some 25,000 competitors take part in this classic&#8230;<\/p>\n<div class=\"read-more-container\"><a class=\"more-link btn btn-default btn-sm read-more\" href=\"https:\/\/www.beaubourg-paris-hotel.com\/de\/2022\/08\/29\/paris-versailles-du-25-septembre-2022\/\">Read More<\/a><\/div>\n","protected":false},"author":1,"featured_media":0,"comment_status":"closed","ping_status":"closed","sticky":false,"template":"","format":"standard","meta":{"footnotes":""},"categories":[199],"tags":[],"class_list":["post-20591","post","type-post","status-publish","format-standard","hentry","category-actualites-de"],"yoast_head":"<title>Paris-Versailles 25 September 2022 - H\u00f4tel Beaubourg<\/title>\n<meta name=\"robots\" content=\"index, follow, max-snippet:-1, max-image-preview:large, max-video-preview:-1\" \/>\n<link rel=\"canonical\" href=\"https:\/\/www.beaubourg-paris-hotel.com\/de\/2022\/08\/29\/paris-versailles-du-25-septembre-2022\/\" \/>\n<meta property=\"og:locale\" content=\"de_DE\" \/>\n<meta property=\"og:type\" content=\"article\" \/>\n<meta property=\"og:title\" content=\"Paris-Versailles 25 September 2022 - H\u00f4tel Beaubourg\" \/>\n<meta property=\"og:description\" content=\"Like the Paris Marathon, the 20km de Paris and the Paris half marathon, the Paris-Versailles international race is a must for fans of middle-distance races Every year, some 25,000 competitors take part in this classic...Read More\" \/>\n<meta property=\"og:url\" content=\"https:\/\/www.beaubourg-paris-hotel.com\/de\/2022\/08\/29\/paris-versailles-du-25-septembre-2022\/\" \/>\n<meta property=\"og:site_name\" content=\"H\u00f4tel Beaubourg\" \/>\n<meta property=\"article:published_time\" content=\"2022-08-29T10:29:35+00:00\" \/>\n<meta property=\"article:modified_time\" content=\"2022-08-29T10:30:18+00:00\" \/>\n<meta name=\"author\" content=\"Hotel-Beaubourg\" \/>\n<meta name=\"twitter:card\" content=\"summary_large_image\" \/>\n<meta name=\"twitter:label1\" content=\"Verfasst von\" \/>\n\t<meta name=\"twitter:data1\" content=\"Hotel-Beaubourg\" \/>\n\t<meta name=\"twitter:label2\" content=\"Gesch\u00e4tzte Lesezeit\" \/>\n\t<meta name=\"twitter:data2\" content=\"1\u00a0Minute\" \/>\n<script type=\"application\/ld+json\" class=\"yoast-schema-graph\">{\"@context\":\"https:\/\/schema.org\",\"@graph\":[{\"@type\":\"Article\",\"@id\":\"https:\/\/www.beaubourg-paris-hotel.com\/de\/2022\/08\/29\/paris-versailles-du-25-septembre-2022\/#article\",\"isPartOf\":{\"@id\":\"https:\/\/www.beaubourg-paris-hotel.com\/de\/2022\/08\/29\/paris-versailles-du-25-septembre-2022\/\"},\"author\":{\"name\":\"Hotel-Beaubourg\",\"@id\":\"https:\/\/www.beaubourg-paris-hotel.com\/it\/#\/schema\/person\/cc8b7216c6385078dd5e042562bf183b\"},\"headline\":\"Paris-Versailles 25 September 2022\",\"datePublished\":\"2022-08-29T10:29:35+00:00\",\"dateModified\":\"2022-08-29T10:30:18+00:00\",\"mainEntityOfPage\":{\"@id\":\"https:\/\/www.beaubourg-paris-hotel.com\/de\/2022\/08\/29\/paris-versailles-du-25-septembre-2022\/\"},\"wordCount\":91,\"articleSection\":[\"actualites\"],\"inLanguage\":\"de\"},{\"@type\":\"WebPage\",\"@id\":\"https:\/\/www.beaubourg-paris-hotel.com\/de\/2022\/08\/29\/paris-versailles-du-25-septembre-2022\/\",\"url\":\"https:\/\/www.beaubourg-paris-hotel.com\/de\/2022\/08\/29\/paris-versailles-du-25-septembre-2022\/\",\"name\":\"Paris-Versailles 25 September 2022 - H\u00f4tel Beaubourg\",\"isPartOf\":{\"@id\":\"https:\/\/www.beaubourg-paris-hotel.com\/it\/#website\"},\"datePublished\":\"2022-08-29T10:29:35+00:00\",\"dateModified\":\"2022-08-29T10:30:18+00:00\",\"author\":{\"@id\":\"https:\/\/www.beaubourg-paris-hotel.com\/it\/#\/schema\/person\/cc8b7216c6385078dd5e042562bf183b\"},\"breadcrumb\":{\"@id\":\"https:\/\/www.beaubourg-paris-hotel.com\/de\/2022\/08\/29\/paris-versailles-du-25-septembre-2022\/#breadcrumb\"},\"inLanguage\":\"de\",\"potentialAction\":[{\"@type\":\"ReadAction\",\"target\":[\"https:\/\/www.beaubourg-paris-hotel.com\/de\/2022\/08\/29\/paris-versailles-du-25-septembre-2022\/\"]}]},{\"@type\":\"BreadcrumbList\",\"@id\":\"https:\/\/www.beaubourg-paris-hotel.com\/de\/2022\/08\/29\/paris-versailles-du-25-septembre-2022\/#breadcrumb\",\"itemListElement\":[{\"@type\":\"ListItem\",\"position\":1,\"name\":\"Accueil\",\"item\":\"https:\/\/www.beaubourg-paris-hotel.com\/de\/\"},{\"@type\":\"ListItem\",\"position\":2,\"name\":\"Paris-Versailles 25 September 2022\"}]},{\"@type\":\"WebSite\",\"@id\":\"https:\/\/www.beaubourg-paris-hotel.com\/it\/#website\",\"url\":\"https:\/\/www.beaubourg-paris-hotel.com\/it\/\",\"name\":\"H\u00f4tel Beaubourg\",\"description\":\"H\u00f4tel 3 \u00e9toiles de charme, Paris Centre.\",\"potentialAction\":[{\"@type\":\"SearchAction\",\"target\":{\"@type\":\"EntryPoint\",\"urlTemplate\":\"https:\/\/www.beaubourg-paris-hotel.com\/it\/?s={search_term_string}\"},\"query-input\":{\"@type\":\"PropertyValueSpecification\",\"valueRequired\":true,\"valueName\":\"search_term_string\"}}],\"inLanguage\":\"de\"},{\"@type\":\"Person\",\"@id\":\"https:\/\/www.beaubourg-paris-hotel.com\/it\/#\/schema\/person\/cc8b7216c6385078dd5e042562bf183b\",\"name\":\"Hotel-Beaubourg\",\"image\":{\"@type\":\"ImageObject\",\"inLanguage\":\"de\",\"@id\":\"https:\/\/www.beaubourg-paris-hotel.com\/it\/#\/schema\/person\/image\/\",\"url\":\"https:\/\/secure.gravatar.com\/avatar\/842fe86f8fa77164ecb3108ec37dabcb0396b62d74f78e4e665915826809d095?s=96&d=mm&r=g\",\"contentUrl\":\"https:\/\/secure.gravatar.com\/avatar\/842fe86f8fa77164ecb3108ec37dabcb0396b62d74f78e4e665915826809d095?s=96&d=mm&r=g\",\"caption\":\"Hotel-Beaubourg\"}}]}<\/script>","yoast_head_json":{"title":"Paris-Versailles 25 September 2022 - H\u00f4tel Beaubourg","robots":{"index":"index","follow":"follow","max-snippet":"max-snippet:-1","max-image-preview":"max-image-preview:large","max-video-preview":"max-video-preview:-1"},"canonical":"https:\/\/www.beaubourg-paris-hotel.com\/de\/2022\/08\/29\/paris-versailles-du-25-septembre-2022\/","og_locale":"de_DE","og_type":"article","og_title":"Paris-Versailles 25 September 2022 - H\u00f4tel Beaubourg","og_description":"Like the Paris Marathon, the 20km de Paris and the Paris half marathon, the Paris-Versailles international race is a must for fans of middle-distance races Every year, some 25,000 competitors take part in this classic...Read More","og_url":"https:\/\/www.beaubourg-paris-hotel.com\/de\/2022\/08\/29\/paris-versailles-du-25-septembre-2022\/","og_site_name":"H\u00f4tel Beaubourg","article_published_time":"2022-08-29T10:29:35+00:00","article_modified_time":"2022-08-29T10:30:18+00:00","author":"Hotel-Beaubourg","twitter_card":"summary_large_image","twitter_misc":{"Verfasst von":"Hotel-Beaubourg","Gesch\u00e4tzte Lesezeit":"1\u00a0Minute"},"schema":{"@context":"https:\/\/schema.org","@graph":[{"@type":"Article","@id":"https:\/\/www.beaubourg-paris-hotel.com\/de\/2022\/08\/29\/paris-versailles-du-25-septembre-2022\/#article","isPartOf":{"@id":"https:\/\/www.beaubourg-paris-hotel.com\/de\/2022\/08\/29\/paris-versailles-du-25-septembre-2022\/"},"author":{"name":"Hotel-Beaubourg","@id":"https:\/\/www.beaubourg-paris-hotel.com\/it\/#\/schema\/person\/cc8b7216c6385078dd5e042562bf183b"},"headline":"Paris-Versailles 25 September 2022","datePublished":"2022-08-29T10:29:35+00:00","dateModified":"2022-08-29T10:30:18+00:00","mainEntityOfPage":{"@id":"https:\/\/www.beaubourg-paris-hotel.com\/de\/2022\/08\/29\/paris-versailles-du-25-septembre-2022\/"},"wordCount":91,"articleSection":["actualites"],"inLanguage":"de"},{"@type":"WebPage","@id":"https:\/\/www.beaubourg-paris-hotel.com\/de\/2022\/08\/29\/paris-versailles-du-25-septembre-2022\/","url":"https:\/\/www.beaubourg-paris-hotel.com\/de\/2022\/08\/29\/paris-versailles-du-25-septembre-2022\/","name":"Paris-Versailles 25 September 2022 - H\u00f4tel Beaubourg","isPartOf":{"@id":"https:\/\/www.beaubourg-paris-hotel.com\/it\/#website"},"datePublished":"2022-08-29T10:29:35+00:00","dateModified":"2022-08-29T10:30:18+00:00","author":{"@id":"https:\/\/www.beaubourg-paris-hotel.com\/it\/#\/schema\/person\/cc8b7216c6385078dd5e042562bf183b"},"breadcrumb":{"@id":"https:\/\/www.beaubourg-paris-hotel.com\/de\/2022\/08\/29\/paris-versailles-du-25-septembre-2022\/#breadcrumb"},"inLanguage":"de","potentialAction":[{"@type":"ReadAction","target":["https:\/\/www.beaubourg-paris-hotel.com\/de\/2022\/08\/29\/paris-versailles-du-25-septembre-2022\/"]}]},{"@type":"BreadcrumbList","@id":"https:\/\/www.beaubourg-paris-hotel.com\/de\/2022\/08\/29\/paris-versailles-du-25-septembre-2022\/#breadcrumb","itemListElement":[{"@type":"ListItem","position":1,"name":"Accueil","item":"https:\/\/www.beaubourg-paris-hotel.com\/de\/"},{"@type":"ListItem","position":2,"name":"Paris-Versailles 25 September 2022"}]},{"@type":"WebSite","@id":"https:\/\/www.beaubourg-paris-hotel.com\/it\/#website","url":"https:\/\/www.beaubourg-paris-hotel.com\/it\/","name":"H\u00f4tel Beaubourg","description":"H\u00f4tel 3 \u00e9toiles de charme, Paris Centre.","potentialAction":[{"@type":"SearchAction","target":{"@type":"EntryPoint","urlTemplate":"https:\/\/www.beaubourg-paris-hotel.com\/it\/?s={search_term_string}"},"query-input":{"@type":"PropertyValueSpecification","valueRequired":true,"valueName":"search_term_string"}}],"inLanguage":"de"},{"@type":"Person","@id":"https:\/\/www.beaubourg-paris-hotel.com\/it\/#\/schema\/person\/cc8b7216c6385078dd5e042562bf183b","name":"Hotel-Beaubourg","image":{"@type":"ImageObject","inLanguage":"de","@id":"https:\/\/www.beaubourg-paris-hotel.com\/it\/#\/schema\/person\/image\/","url":"https:\/\/secure.gravatar.com\/avatar\/842fe86f8fa77164ecb3108ec37dabcb0396b62d74f78e4e665915826809d095?s=96&d=mm&r=g","contentUrl":"https:\/\/secure.gravatar.com\/avatar\/842fe86f8fa77164ecb3108ec37dabcb0396b62d74f78e4e665915826809d095?s=96&d=mm&r=g","caption":"Hotel-Beaubourg"}}]}},"_links":{"self":[{"href":"https:\/\/www.beaubourg-paris-hotel.com\/de\/wp-json\/wp\/v2\/posts\/20591","targetHints":{"allow":["GET"]}}],"collection":[{"href":"https:\/\/www.beaubourg-paris-hotel.com\/de\/wp-json\/wp\/v2\/posts"}],"about":[{"href":"https:\/\/www.beaubourg-paris-hotel.com\/de\/wp-json\/wp\/v2\/types\/post"}],"author":[{"embeddable":true,"href":"https:\/\/www.beaubourg-paris-hotel.com\/de\/wp-json\/wp\/v2\/users\/1"}],"replies":[{"embeddable":true,"href":"https:\/\/www.beaubourg-paris-hotel.com\/de\/wp-json\/wp\/v2\/comments?post=20591"}],"version-history":[{"count":1,"href":"https:\/\/www.beaubourg-paris-hotel.com\/de\/wp-json\/wp\/v2\/posts\/20591\/revisions"}],"predecessor-version":[{"id":20637,"href":"https:\/\/www.beaubourg-paris-hotel.com\/de\/wp-json\/wp\/v2\/posts\/20591\/revisions\/20637"}],"wp:attachment":[{"href":"https:\/\/www.beaubourg-paris-hotel.com\/de\/wp-json\/wp\/v2\/media?parent=20591"}],"wp:term":[{"taxonomy":"category","embeddable":true,"href":"https:\/\/www.beaubourg-paris-hotel.com\/de\/wp-json\/wp\/v2\/categories?post=20591"},{"taxonomy":"post_tag","embeddable":true,"href":"https:\/\/www.beaubourg-paris-hotel.com\/de\/wp-json\/wp\/v2\/tags?post=20591"}],"curies":[{"name":"wp","href":"https:\/\/api.w.org\/{rel}","templated":true}]}}